{"id":689320,"date":"2026-04-26T05:46:04","date_gmt":"2026-04-26T05:46:04","guid":{"rendered":"https:\/\/microscopemedia.com\/?p=689320"},"modified":"2026-04-26T05:46:04","modified_gmt":"2026-04-26T05:46:04","slug":"40-de-ani-de-la-catastrofa-nucleara-maia-sandu-merge-duminica-la-cernobil","status":"publish","type":"post","link":"https:\/\/microscopemedia.com\/?p=689320","title":{"rendered":"40 de ani de la catastrofa nuclear\u0103. Maia Sandu merge duminic\u0103 la Cernob\u00eel"},"content":{"rendered":"<div><img decoding=\"async\" src=\"https:\/\/microscopemedia.com\/wp-content\/uploads\/2026\/04\/40-de-ani-de-la-catastrofa-nucleara-maia-sandu-merge-duminica-la-cernobil.jpg\" class=\"ff-og-image-inserted\"><\/div>\n<p id=\"p-0\">Maia Sandu a anun\u021bat c\u0103 merge duminic\u0103 la Kiev \u0219i la Cernob\u00eel.<\/p>\n<p id=\"p-1\">\u201e\u00cen aceast\u0103 diminea\u021b\u0103, c\u00e2nd comemor\u0103m 40 de ani de la catastrofa nuclear\u0103 de la Cernob\u00eel, merg la Kiev pentru discu\u021bii cu Pre\u0219edintele Volodimir Zelenski, \u0219i la Cernob\u00eel \u2014 pentru a aduce un omagiu celor care \u0219i-au dat s\u0103n\u0103tatea sau chiar via\u021ba pentru a proteja Europa de o tragedie \u0219i mai mare\u201d, a anun\u021bat pre\u0219edinta Republicii Moldova pe Facebook.<\/p>\n<p id=\"p-2\">Ea spune c\u0103 dezastrul din 1986 a ar\u0103tat \u0219i puterea solidarit\u0103\u021bii interna\u021bionale, de care este nevoie \u0219i \u00een prezent.<\/p>\n<p id=\"p-3\">\u201eAccidentul nuclear de la Cernob\u00eel ne-a ar\u0103tat c\u0103 dezastrele nu cunosc frontiere \u2014 dar a relevat \u0219i puterea solidarit\u0103\u021bii interna\u021bionale. Arcul ridicat deasupra reactorului contaminat este o dovad\u0103 c\u0103 \u021b\u0103rile pot face lucruri extraordinare atunci c\u00e2nd ac\u021bioneaz\u0103 \u00eempreun\u0103. Avem nevoie de aceea\u0219i unitate \u0219i hot\u0103r\u00e2re ast\u0103zi \u2014 pentru a proteja pacea \u00een Europa. Locul Republicii Moldova este al\u0103turi de cei care aleg s\u0103 construiasc\u0103, nu s\u0103 distrug\u0103\u201d, a scris Maia Sandu pe re\u021beaua de socializare.<\/p>\n<h2 id=\"chapter-0\">Explozie la ora 1.23<\/h2>\n<p id=\"p-4\">\u00cen 26 aprilie 1986, la ora 01:23 o explozie masiv\u0103 se producea la un reactor al centralei nucleare de la Cernob\u00eel, un accident care a durat c\u00e2teva secunde, dar despre care popula\u021bia nu a aflat nicio informa\u021bie oficial\u0103 timp de aproximativ 65 de ore.<\/p>\n<p id=\"p-5\">Datele oficiale indic\u0103 31 de decese directe \u0219i aproximativ 5.000 de cazuri de cancer asociate, precum \u0219i cea mai mare rat\u0103 de tulbur\u0103ri de stres post-traumatic.<\/p>\n<p id=\"p-6\">Pentru aproape trei zile, oamenii din apropierea centralei \u0219i din toat\u0103 Europa nu au primit nicio informare, iar <span><a href=\"https:\/\/www.mediafax.ro\/social\/cat-de-pregatite-sunt-autoritatile-pentru-gestionarea-unui-nou-cernobil-cum-a-reactionat-familia-ceausescu-si-care-sunt-lectiile-invatate-dupa-40-de-ani-23726148\" target=\"_blank\" rel=\"noopener\">primele semnale de alarm\u0103<\/a><\/span> au venit din afara URSS, abia pe 28 aprilie diminea\u021ba, c\u00e2nd Suedia a detectat radia\u021bii anormale \u0219i a suspectat un accident nuclear \u00een URSS.<\/p>\n<p id=\"p-7\">Autorit\u0103\u021bile sovietice au recunoscut oficial incidentul abia \u00een seara zilei de 28 aprilie, la 65 de ore de la producere, printr-un anun\u021b de 20 de secunde, f\u0103r\u0103 alte detalii.<\/p>\n<p id=\"p-8\">&nbsp;<\/p>\n","protected":false},"excerpt":{"rendered":"<p>Maia Sandu a anun\u021bat c\u0103 merge duminic\u0103 la Kiev \u0219i la Cernob\u00eel. \u201e\u00cen aceast\u0103 diminea\u021b\u0103, c\u00e2nd comemor\u0103m 40 de ani de la catastrofa nuclear\u0103 de la Cernob\u00eel, merg la Kiev &hellip; <a href=\"https:\/\/microscopemedia.com\/?p=689320\" class=\"more-link\">Read More<\/a><\/p>\n","protected":false},"author":1,"featured_media":689321,"comment_status":"closed","ping_status":"closed","sticky":false,"template":"Default","format":"standard","meta":[],"categories":[1],"tags":[],"_links":{"self":[{"href":"https:\/\/microscopemedia.com\/index.php?rest_route=\/wp\/v2\/posts\/689320"}],"collection":[{"href":"https:\/\/microscopemedia.com\/index.php?rest_route=\/wp\/v2\/posts"}],"about":[{"href":"https:\/\/microscopemedia.com\/index.php?rest_route=\/wp\/v2\/types\/post"}],"author":[{"embeddable":true,"href":"https:\/\/microscopemedia.com\/index.php?rest_route=\/wp\/v2\/users\/1"}],"replies":[{"embeddable":true,"href":"https:\/\/microscopemedia.com\/index.php?rest_route=%2Fwp%2Fv2%2Fcomments&post=689320"}],"version-history":[{"count":0,"href":"https:\/\/microscopemedia.com\/index.php?rest_route=\/wp\/v2\/posts\/689320\/revisions"}],"wp:featuredmedia":[{"embeddable":true,"href":"https:\/\/microscopemedia.com\/index.php?rest_route=\/wp\/v2\/media\/689321"}],"wp:attachment":[{"href":"https:\/\/microscopemedia.com\/index.php?rest_route=%2Fwp%2Fv2%2Fmedia&parent=689320"}],"wp:term":[{"taxonomy":"category","embeddable":true,"href":"https:\/\/microscopemedia.com\/index.php?rest_route=%2Fwp%2Fv2%2Fcategories&post=689320"},{"taxonomy":"post_tag","embeddable":true,"href":"https:\/\/microscopemedia.com\/index.php?rest_route=%2Fwp%2Fv2%2Ftags&post=689320"}],"curies":[{"name":"wp","href":"https:\/\/api.w.org\/{rel}","templated":true}]}}