{"id":689324,"date":"2026-04-26T06:26:03","date_gmt":"2026-04-26T06:26:03","guid":{"rendered":"https:\/\/microscopemedia.com\/?p=689324"},"modified":"2026-04-26T06:26:03","modified_gmt":"2026-04-26T06:26:03","slug":"traficant-de-migranti-cu-dubla-cetatenie-sarba-si-bulgara-prins-la-calafat","status":"publish","type":"post","link":"https:\/\/microscopemedia.com\/?p=689324","title":{"rendered":"Traficant de migran\u021bi cu dubl\u0103 cet\u0103\u021benie, s\u00e2rb\u0103 \u0219i bulgar\u0103, prins la Calafat"},"content":{"rendered":"<div><img decoding=\"async\" src=\"https:\/\/microscopemedia.com\/wp-content\/uploads\/2026\/04\/traficant-de-migranti-cu-dubla-cetatenie-sarba-si-bulgara-prins-la-calafat.jpg\" class=\"ff-og-image-inserted\"><\/div>\n<p id=\"p-0\">Poli\u021bi\u0219tii de frontier\u0103 din Calafat au depistat s\u00e2mb\u0103t\u0103 pe DN 56, \u00een apropierea sta\u021biei de taxare Calafat-Vidin, un b\u0103rbat de 32 de ani, cu dubl\u0103 cet\u0103\u021benie bulgar\u0103 \u0219i s\u00e2rb\u0103, urm\u0103rit la nivel interna\u021bional.<\/p>\n<p id=\"p-1\">Ace\u0219tia au solicitat interven\u021bia poli\u021bi\u0219tilor din cadrul Serviciului de Investiga\u021bii Criminale Dolj pentru preluarea \u0219i continuarea cercet\u0103rilor.<\/p>\n<p id=\"p-2\">Fa\u021b\u0103 de b\u0103rbat, autorit\u0103\u021bile judiciare din Serbia au emis un mandat european de arestare, \u00een vederea extr\u0103d\u0103rii, pentru comiterea pe teritoriul acestui stat a infrac\u021biunii de trafic de migran\u021bi, fiind condamnat la pedeapsa de 2 ani de \u00eenchisoare.<\/p>\n<p id=\"p-3\">B\u0103rbatul a fost preluat \u0219i prezentat Parchetului de pe l\u00e2ng\u0103 Curtea de Apel Craiova, care a emis ordonan\u021b\u0103 de re\u021binere, pentru 24 de ore.<\/p>\n<p id=\"p-4\">Acesta a fost introdus \u00een Centrul de Re\u021binere \u0219i Arestare Preventiv\u0103 din cadrul Inspectoratului de Poli\u021bie Jude\u021bean Dolj, urm\u00e2nd s\u0103 fie prezentat Cur\u021bii de Apel Craiova, \u00een vederea emiterii mandatului de arestare.<\/p>\n","protected":false},"excerpt":{"rendered":"<p>Poli\u021bi\u0219tii de frontier\u0103 din Calafat au depistat s\u00e2mb\u0103t\u0103 pe DN 56, \u00een apropierea sta\u021biei de taxare Calafat-Vidin, un b\u0103rbat de 32 de ani, cu dubl\u0103 cet\u0103\u021benie bulgar\u0103 \u0219i s\u00e2rb\u0103, urm\u0103rit &hellip; <a href=\"https:\/\/microscopemedia.com\/?p=689324\" class=\"more-link\">Read More<\/a><\/p>\n","protected":false},"author":1,"featured_media":689325,"comment_status":"closed","ping_status":"closed","sticky":false,"template":"Default","format":"standard","meta":[],"categories":[1],"tags":[],"_links":{"self":[{"href":"https:\/\/microscopemedia.com\/index.php?rest_route=\/wp\/v2\/posts\/689324"}],"collection":[{"href":"https:\/\/microscopemedia.com\/index.php?rest_route=\/wp\/v2\/posts"}],"about":[{"href":"https:\/\/microscopemedia.com\/index.php?rest_route=\/wp\/v2\/types\/post"}],"author":[{"embeddable":true,"href":"https:\/\/microscopemedia.com\/index.php?rest_route=\/wp\/v2\/users\/1"}],"replies":[{"embeddable":true,"href":"https:\/\/microscopemedia.com\/index.php?rest_route=%2Fwp%2Fv2%2Fcomments&post=689324"}],"version-history":[{"count":0,"href":"https:\/\/microscopemedia.com\/index.php?rest_route=\/wp\/v2\/posts\/689324\/revisions"}],"wp:featuredmedia":[{"embeddable":true,"href":"https:\/\/microscopemedia.com\/index.php?rest_route=\/wp\/v2\/media\/689325"}],"wp:attachment":[{"href":"https:\/\/microscopemedia.com\/index.php?rest_route=%2Fwp%2Fv2%2Fmedia&parent=689324"}],"wp:term":[{"taxonomy":"category","embeddable":true,"href":"https:\/\/microscopemedia.com\/index.php?rest_route=%2Fwp%2Fv2%2Fcategories&post=689324"},{"taxonomy":"post_tag","embeddable":true,"href":"https:\/\/microscopemedia.com\/index.php?rest_route=%2Fwp%2Fv2%2Ftags&post=689324"}],"curies":[{"name":"wp","href":"https:\/\/api.w.org\/{rel}","templated":true}]}}