{"id":689326,"date":"2026-04-26T06:36:04","date_gmt":"2026-04-26T06:36:04","guid":{"rendered":"https:\/\/microscopemedia.com\/?p=689326"},"modified":"2026-04-26T06:36:04","modified_gmt":"2026-04-26T06:36:04","slug":"divort-cu-velazquez-unul-dintre-cei-mai-bogati-spanioli-denuntat-de-sotie-ca-ascunde-un-tablou-in-micul-sau-palat-din-madrid","status":"publish","type":"post","link":"https:\/\/microscopemedia.com\/?p=689326","title":{"rendered":"Divor\u021b \u201ecu Vel\u00e1zquez\u201d: unul dintre cei mai boga\u021bi spanioli, denun\u021bat de so\u021bie c\u0103 ascunde un tablou \u00een micul s\u0103u palat din Madrid"},"content":{"rendered":"<div><img decoding=\"async\" src=\"https:\/\/microscopemedia.com\/wp-content\/uploads\/2026\/04\/divort-cu-velazquez-unul-dintre-cei-mai-bogati-spanioli-denuntat-de-sotie-ca-ascunde-un-tablou-in-micul-sau-palat-din-madrid.jpg\" class=\"ff-og-image-inserted\"><\/div>\n<p id=\"p-0\">Un divor\u021b \u00eentre un magnat al o\u021belului \u0219i fosta sa so\u021bie a ajuns \u00een aten\u021bia instan\u021bei din Madrid, dup\u0103 ce cei doi au \u00eenceput s\u0103 \u00ee\u0219i dispute un tablou atribuit lui Vel\u00e1zquez. Judec\u0103torul a decis ca lucrarea s\u0103 fie p\u0103strat\u0103 temporar la Muzeul Prado, p\u00e2n\u0103 la finalizarea procesului, \u00eentr-un caz care implic\u0103 acuza\u021bii de \u00eensu\u0219ire necuvenit\u0103 \u0219i probleme fiscale, noteaz\u0103 <a href=\"https:\/\/www.mediafax.ro\/elpais.com\/cultura\/2026-04-25\/divorcio-con-velazquez-un-juez-ordena-que-el-prado-custodie-un-valioso-lienzo-que-se-disputan-el-magnate-del-acero-aristrain-y-su-exesposa.html\" target=\"_blank\" rel=\"noopener\">El Pais<\/a>.<\/p>\n<p id=\"p-1\">Exist\u0103 cupluri care, la divor\u021b, se ceart\u0103 pentru animale de companie sau pentru c\u0103r\u021bi. Exist\u0103 \u00eens\u0103 \u0219i cazuri \u00een care disputa este pentru un Vel\u00e1zquez. Jos\u00e9 Mar\u00eda Aristrain de la Cruz, una dintre cele mai bogate persoane din Spania, a fost reclamat de fosta sa so\u021bie pentru c\u0103 ar fi p\u0103strat un tablou atribuit lui Vel\u00e1zquez \u00een palatul s\u0103u din Madrid. Femeia sus\u021bine c\u0103 lucrarea i-a fost oferit\u0103 cadou \u0219i c\u0103 \u00eei apar\u021bine \u00een cadrul partajului, de\u0219i tabloul se afla \u00een continuare \u00een re\u0219edin\u021ba magnatului.<\/p>\n<p id=\"p-2\">Potrivit unor surse apropiate cazului, un judec\u0103tor din Madrid a ordonat Ministerului Culturii s\u0103 g\u0103seasc\u0103 un loc unde tabloul s\u0103 fie p\u0103strat p\u00e2n\u0103 la finalizarea litigiului, iar Guvernul a ales Museo del Prado. Din 17 martie, pictura se afl\u0103 \u00een depozitele pinacotecii.<\/p>\n<h2 id=\"chapter-0\">Unul dintre pu\u021binele tablouri de Vel\u00e1zquez aflate \u00een m\u00e2ini private<\/h2>\n<p id=\"p-3\">\u00cen decembrie 2007, sala Retiro din Madrid a scos la licita\u021bie unul dintre pu\u021binele tablouri de Vel\u00e1zquez aflate \u00een m\u00e2ini private. <strong>Este vorba despre un portret al regelui Filip al IV-lea al Spaniei, replic\u0103, cu varia\u021bii, a celui expus la Muzeul Prado, \u00een aceea\u0219i sal\u0103 cu Las Meninas. Monarhul apare \u00een picioare, aproape \u00een m\u0103rime natural\u0103, \u00eembr\u0103cat complet \u00een negru<\/strong>, \u00eentr-un costum sobru, la aproximativ 20 de ani. Pre\u021bul de pornire era de 2,5 milioane de euro. Suma nu era mare pentru o astfel de lucrare, \u00eens\u0103 starea de conservare era deficitar\u0103, iar atribuirea c\u0103tre Vel\u00e1zquez fusese dificil\u0103.<\/p>\n<p id=\"p-4\">De\u0219i existau \u00eendoieli, casa de licita\u021bii a prezentat rapoarte care sus\u021bineau autenticitatea. \u00cen 2000, potrivit presei, profesorul Peter Cherry, de la departamentul de Istoria Artei al Trinity College din Dublin, afirma c\u0103 \u201ese detectau \u00een oper\u0103 detalii caracteristice pensula\u021biei pictorului \u0219i ale interven\u021biilor sale precise, specifice lucr\u0103rilor realizate de Vel\u00e1zquez \u00een primii ani la Madrid\u201d.<\/p>\n<p id=\"p-5\">Publica\u021bia ABC relata c\u0103 \u0219i Carmen Garrido considera, \u00eentr-un articol din revista Goya, c\u0103 portretul este o replic\u0103 autograf\u0103 a tabloului de la Prado. Un fost director al muzeului, Alfonso P\u00e9rez S\u00e1nchez, \u00eel considera oper\u0103 a lui Vel\u00e1zquez, \u201edar foarte deteriorat\u0103 \u0219i restaurat\u0103 st\u00e2ngaci\u201d. De asemenea, Enrique Valdivieso a sus\u021binut atribuirea lucr\u0103rii lui Vel\u00e1zquez.<\/p>\n<p id=\"p-6\">Cu toate acestea, licita\u021bia a e\u0219uat. Nici statul nu a licitat pentru tablou.<\/p>\n<p id=\"p-7\">\u00cen 2015, casa de art\u0103 Isbilya, din Sevilla, a scos din nou tabloul la licita\u021bie, de aceast\u0103 dat\u0103 cu un pre\u021b de pornire de 750.000 de euro. De aceast\u0103 dat\u0103 a existat un cump\u0103r\u0103tor. De\u0219i identitatea nu a fost f\u0103cut\u0103 public\u0103, lucrarea a fost achizi\u021bionat\u0103 de atunci so\u021bia lui Aristrain, Gema Navarro, cu care acesta era c\u0103s\u0103torit a doua oar\u0103. Achizi\u021bia a fost realizat\u0103 cu banii lui, \u00eentr-un moment \u00een care acesta era deja vizat de o anchet\u0103 pentru fraud\u0103 fiscal\u0103.<\/p>\n<p id=\"p-8\">Pentru Aristrain, banii nu au fost niciodat\u0103 o problem\u0103. La doar 26 de ani, a mo\u0219tenit averea lui Jos\u00e9 Mar\u00eda Aristrain Noain. N\u0103scut \u00een Argentina, acesta s-a \u00eentors \u00een \u021aara Bascilor, de unde provenea familia sa, \u0219i \u00een anii \u201940 a \u00eenfiin\u021bat o turn\u0103torie. Afacerea cu o\u021bel a avut un succes remarcabil. \u00cen 1980, c\u00e2nd pentru prima \u0219i singura dat\u0103 \u00een Spania au fost publicate declara\u021biile de venit, era al doilea contribuabil din \u021bar\u0103, dup\u0103 Jos\u00e9 Mar\u00eda Ruiz-Mateos. Amenin\u021bat de ETA (organiza\u021bie separatist\u0103 basc\u0103), a refuzat s\u0103 pl\u0103teasc\u0103 a\u0219a-numitul \u201eimpozit revolu\u021bionar\u201d. \u00cen 1986 a murit \u00eentr-un accident de elicopter \u00een circumstan\u021be neclare, \u00een timp ce survola Coasta de Azur.<\/p>\n<h2 id=\"chapter-1\">Un imperiu mo\u0219tenit<\/h2>\n<p id=\"p-9\">La doar 26 de ani, fiul a preluat imperiul \u0219i a dezvoltat o preocupare constant\u0103 pentru securitate \u0219i discre\u021bie. V\u00e2n\u0103toarea, ma\u0219inile \u0219i coridele se num\u0103r\u0103 printre pasiunile sale. Aristrain \u0219i-a condus afacerile f\u0103r\u0103 a ap\u0103rea frecvent \u00een public.<\/p>\n<p id=\"p-10\">\u00cen 1997 a intrat \u00een Aceralia, \u00een contextul privatiz\u0103rilor ini\u021biate de guvernul lui Jos\u00e9 Mar\u00eda Aznar. \u00cen 2006, grupul indian Mittal a lansat o ofert\u0103 public\u0103 de preluare, iar Aristrain, care a sus\u021binut aceast\u0103 mi\u0219care, a r\u0103mas cu 3% din ArcelorMittal. A devenit unul dintre principalii ac\u021bionari ai celei mai mari companii siderurgice din lume. Revista Forbes l-a plasat \u00een acel an pe locul 10 \u00een topul celor mai boga\u021bi spanioli, cu o avere de 1.200 milioane de euro. \u00cen prezent, aceasta este estimat\u0103 la 1.400 milioane.<\/p>\n<p id=\"p-11\">Tabloul a intrat \u00een colec\u021bia sa de art\u0103. Aristrain colec\u021bioneaz\u0103 \u0219i automobile, inclusiv un Ferrari 250 GTO, un model legendar produs \u00een doar c\u00e2teva exemplare \u00een anii \u201960, evaluat la peste 50 de milioane de euro. De\u021bine unul dintre cele mai mari latifundii din Spania, Valdepuercas, \u00een C\u00e1ceres, un palat \u00een Sevilla, o ferm\u0103 unde cre\u0219te tauri de corid\u0103, un \u00eentreg cvartal \u00een apropierea str\u0103zii G\u00e9nova din Madrid, care include fosta ambasad\u0103 britanic\u0103, o vil\u0103 \u00een Somosaguas, un iaht de 55 de metri \u0219i un fost remorcher transformat \u00een nav\u0103 de agrement, numit Steel.<\/p>\n<p id=\"p-12\">Cu toate acestea, Aristrain \u0219i-a mutat \u00een urm\u0103 cu 20 de ani reziden\u021ba fiscal\u0103 \u00een Gstaad, Elve\u021bia, iar opera\u021biunile Arcelor au fost impozitate \u00een Luxemburg. Statul spaniol nu a \u00eencasat niciun euro \u0219i a declan\u0219at o anchet\u0103.<\/p>\n<h2 id=\"chapter-2\">Cazul s-a prelungit ani de zile<\/h2>\n<p id=\"p-13\">\u00cen 2011, Parchetul pentru Infrac\u021biuni Economice din Madrid a depus o pl\u00e2ngere \u00eempotriva sa, iar, la ordinul judec\u0103torului, pe 21 iunie din acel an, au avut loc perchezi\u021bii \u00een locuin\u021bele \u0219i birourile sale. Parchetul \u00eel acuza c\u0103 \u0219i-a simulat reziden\u021ba \u00een afara Spaniei pentru a frauda statul cu 211 milioane de euro. Este o sum\u0103 care, prin valoare, \u00eel plasa la nivelul litigiilor marilor corpora\u021bii. \u201eAceast\u0103 schimbare a domiciliului fiscal \u00een Elve\u021bia, \u00eencep\u00e2nd din 2006, nu corespunde realit\u0103\u021bii, av\u00e2nd ca unic scop evitarea pl\u0103\u021bii impozitului pe venit (IRPF) \u0219i a impozitului pe avere care \u00eei reveneau ca rezident \u00een Spania\u201d, a sus\u021binut Avocatura Statului.<\/p>\n<p id=\"p-14\">Cazul s-a prelungit ani de zile. C\u00e2nd, \u00een cele din urm\u0103, a ajuns \u00een instan\u021b\u0103, \u00een 2023, Aristrain s-a prezentat \u00een scaun cu rotile \u0219i \u00eenso\u021bit de o echip\u0103 de avoca\u021bi \u0219i exper\u021bi de prestigiu. Printre altele, a sus\u021binut c\u0103, atunci c\u00e2nd a achizi\u021bionat palatul din Elve\u021bia, a f\u0103cut-o \u00eempreun\u0103 cu o colec\u021bie de art\u0103 evaluat\u0103 la aproximativ 10 milioane de euro, lucru pe care, potrivit afirma\u021biilor sale, nu l-ar face cineva care doar ar simula reziden\u021ba.<\/p>\n<p id=\"p-15\">Parchetul \u0219i Agen\u021bia Fiscal\u0103 s-au bazat pe indicii precum utilizarea cardurilor sale \u0219i faptul c\u0103, \u00een calitate de membru al unui club de schi din Elve\u021bia pe care \u00eel frecventa, a indicat ca adres\u0103 locuin\u021ba sa din Madrid. Cazul s-a \u00eencheiat cu achitarea sa, \u00eens\u0103 Curtea Suprem\u0103 a dispus rejudecarea procesului de la zero.<\/p>\n<h2 id=\"chapter-3\">Portretul lui Filip al IV-lea, zis \u0219i Filip cel Frumos<\/h2>\n<p id=\"p-16\">Dup\u0103 ce a fost achitat, Aristrain s-a desp\u0103r\u021bit de a doua sa so\u021bie, Gema Navarro Mangado. Procesul nu a fost unul lini\u0219tit. \u0218i cu prima so\u021bie, Mar\u00eda Palma, a avut un divor\u021b care a ajuns \u00een instan\u021b\u0103. \u00centr-una dintre aceste audieri, Aristrain a <strong>declarat: \u201eNu \u0219tie care sunt veniturile sale, deoarece nu \u00ee\u0219i num\u0103r\u0103 banii, are multe companii \u0219i pierde \u0219i c\u00e2\u0219tig\u0103 la burs\u0103. Nu \u00ee\u0219i aminte\u0219te veniturile de c\u00e2nd s-a n\u0103scut, nu \u00eel preocup\u0103 acest lucru\u201d.<\/strong><\/p>\n<p id=\"p-17\">Cu Navarro era c\u0103s\u0103torit\u0103 \u00een regim de separare a bunurilor, ceea ce, \u00een principiu, garanteaz\u0103 c\u0103 divor\u021bul nu ar trebui s\u0103 genereze controverse majore. Ea a p\u0103r\u0103sit consiliile de administra\u021bie din care f\u0103cea parte. \u00cen cazul companiei Tubacex, de exemplu, motivul invocat a fost \u201epierderea \u00eencrederii\u201d. Cu toate acestea, procesul de divor\u021b a dus la un litigiu \u00een Elve\u021bia, care a stabilit pensia pentru copilul pe care \u00eel aveau \u00een comun. Totu\u0219i, mai r\u0103m\u00e2nea un aspect nerezolvat: <strong>portretul lui Filip al IV-lea.<\/strong><\/p>\n<p id=\"p-18\">Tabloul r\u0103m\u0103sese \u00een palatul din centrul Madridului, proprietatea lui. Ea l-a revendicat, f\u0103r\u0103 succes, \u0219i nu avea acces la locuin\u021b\u0103. Astfel, \u00een urm\u0103 cu c\u00e2teva luni, a depus o pl\u00e2ngere pentru \u00eensu\u0219ire necuvenit\u0103, potrivit unor surse apropiate cazului.<\/p>\n<p id=\"p-19\">Cazul a fost repartizat Judec\u0103toriei de Instruc\u021bie nr. 11 din Madrid, care, pe 12 februarie, \u00een acord cu Parchetul, a solicitat Ministerului Culturii s\u0103 \u00eel preia \u00een custodie. A fost luat\u0103 \u00een considerare importan\u021ba pe care tabloul atribuit lui Vel\u00e1zquez o poate avea pentru patrimoniul istoric. Ministerul a ales depozitele Muzeului Prado, iar pe 17 martie, brigada de Patrimoniu a transferat lucrarea la muzeu.<\/p>\n","protected":false},"excerpt":{"rendered":"<p>Un divor\u021b \u00eentre un magnat al o\u021belului \u0219i fosta sa so\u021bie a ajuns \u00een aten\u021bia instan\u021bei din Madrid, dup\u0103 ce cei doi au \u00eenceput s\u0103 \u00ee\u0219i dispute un tablou atribuit &hellip; <a href=\"https:\/\/microscopemedia.com\/?p=689326\" class=\"more-link\">Read More<\/a><\/p>\n","protected":false},"author":1,"featured_media":689327,"comment_status":"closed","ping_status":"closed","sticky":false,"template":"Default","format":"standard","meta":[],"categories":[1],"tags":[],"_links":{"self":[{"href":"https:\/\/microscopemedia.com\/index.php?rest_route=\/wp\/v2\/posts\/689326"}],"collection":[{"href":"https:\/\/microscopemedia.com\/index.php?rest_route=\/wp\/v2\/posts"}],"about":[{"href":"https:\/\/microscopemedia.com\/index.php?rest_route=\/wp\/v2\/types\/post"}],"author":[{"embeddable":true,"href":"https:\/\/microscopemedia.com\/index.php?rest_route=\/wp\/v2\/users\/1"}],"replies":[{"embeddable":true,"href":"https:\/\/microscopemedia.com\/index.php?rest_route=%2Fwp%2Fv2%2Fcomments&post=689326"}],"version-history":[{"count":0,"href":"https:\/\/microscopemedia.com\/index.php?rest_route=\/wp\/v2\/posts\/689326\/revisions"}],"wp:featuredmedia":[{"embeddable":true,"href":"https:\/\/microscopemedia.com\/index.php?rest_route=\/wp\/v2\/media\/689327"}],"wp:attachment":[{"href":"https:\/\/microscopemedia.com\/index.php?rest_route=%2Fwp%2Fv2%2Fmedia&parent=689326"}],"wp:term":[{"taxonomy":"category","embeddable":true,"href":"https:\/\/microscopemedia.com\/index.php?rest_route=%2Fwp%2Fv2%2Fcategories&post=689326"},{"taxonomy":"post_tag","embeddable":true,"href":"https:\/\/microscopemedia.com\/index.php?rest_route=%2Fwp%2Fv2%2Ftags&post=689326"}],"curies":[{"name":"wp","href":"https:\/\/api.w.org\/{rel}","templated":true}]}}