{"id":689330,"date":"2026-04-26T06:56:05","date_gmt":"2026-04-26T06:56:05","guid":{"rendered":"https:\/\/microscopemedia.com\/?p=689330"},"modified":"2026-04-26T06:56:05","modified_gmt":"2026-04-26T06:56:05","slug":"vant-puternic-in-toata-tara-duminica","status":"publish","type":"post","link":"https:\/\/microscopemedia.com\/?p=689330","title":{"rendered":"V\u00e2nt puternic \u00een toat\u0103 \u021bara duminic\u0103"},"content":{"rendered":"<div><img decoding=\"async\" src=\"https:\/\/microscopemedia.com\/wp-content\/uploads\/2026\/04\/vant-puternic-in-toata-tara-duminica.jpg\" class=\"ff-og-image-inserted\"><\/div>\n<p id=\"p-0\">Duminic\u0103, \u00eentre orele 9.00 \u0219i 21.00, o avertizare Cod galben va viza aproape toat\u0103 \u021bara. Conform ANM, v\u00e2ntul se va intensifica la \u00eenceput \u00een nordul, nord-estul \u0219i centrul \u021b\u0103rii, iar dup\u0103 orele amiezii \u0219i \u00een restul zonelor. \u00cen zonele joase de relief vor fi rafale de 50-70 km\/h, iar la munte de 70-90 km\/h.<\/p>\n<p id=\"p-1\">\u00centre orele 12.00 \u0219i 18.00, jude\u021bele Boto\u0219ani, Ia\u0219i, Vaslui \u0219i Gala\u021bi, precum \u0219i zona joas\u0103 de relief a jude\u021belor Suceava, Neam\u021b, Bac\u0103u \u0219i Vrancea vor fi sub avertizare Cod portocaliu. V\u00e2ntul va sufla cu viteze de 70-90 km\/h.<\/p>\n<p id=\"p-2\">O alt\u0103 avertizare Cod portocaliu va fi \u00een vigoare \u00eentre orele 18.00 \u0219i 20.00. \u00cen jude\u021bele Br\u0103ila, Tulcea, Ialomi\u021ba \u0219i C\u0103l\u0103ra\u0219i temporar vor fi intensific\u0103ri puternice ale v\u00e2ntului, cu viteze la rafal\u0103 de 70-90 km\/h.<\/p>\n<p id=\"p-3\">De asemenea, \u00eentre orele 12.00 \u0219i 21.00, este \u00een vigoare o avertizare Cod portocaliu, care vizeaz\u0103 Carpa\u021bii Orientali, Meridionali \u0219i Mun\u021bii Apuseni, la altitudini mai mari de 1600 m. Aici, v\u00e2ntul va avea viteze la rafal\u0103 de 100-120 km\/h.<\/p>\n<p id=\"p-4\">De duminic\u0103, de la ora 21.00, p\u00e2n\u0103 luni, la ora 2.00, va fi \u00een vigoare o avertizare Cod galben. Conform acesteia, \u00een Carpa\u021bii Meridionali, v\u00e2ntul va avea intensific\u0103ri cu viteze la rafal\u0103 de 70-90 km\/h.<\/p>\n<p id=\"p-5\">\u00centre acelea\u0219i ore, o avertizare Cod portocaliu va viza Carpa\u021bii Meridionali, la altitudini mai mari de 1600 m, unde v\u00e2ntul va bate cu viteze la rafal\u0103 de 100-120 km\/h.<\/p>\n","protected":false},"excerpt":{"rendered":"<p>Duminic\u0103, \u00eentre orele 9.00 \u0219i 21.00, o avertizare Cod galben va viza aproape toat\u0103 \u021bara. Conform ANM, v\u00e2ntul se va intensifica la \u00eenceput \u00een nordul, nord-estul \u0219i centrul \u021b\u0103rii, iar &hellip; <a href=\"https:\/\/microscopemedia.com\/?p=689330\" class=\"more-link\">Read More<\/a><\/p>\n","protected":false},"author":1,"featured_media":689331,"comment_status":"closed","ping_status":"closed","sticky":false,"template":"Default","format":"standard","meta":[],"categories":[1],"tags":[],"_links":{"self":[{"href":"https:\/\/microscopemedia.com\/index.php?rest_route=\/wp\/v2\/posts\/689330"}],"collection":[{"href":"https:\/\/microscopemedia.com\/index.php?rest_route=\/wp\/v2\/posts"}],"about":[{"href":"https:\/\/microscopemedia.com\/index.php?rest_route=\/wp\/v2\/types\/post"}],"author":[{"embeddable":true,"href":"https:\/\/microscopemedia.com\/index.php?rest_route=\/wp\/v2\/users\/1"}],"replies":[{"embeddable":true,"href":"https:\/\/microscopemedia.com\/index.php?rest_route=%2Fwp%2Fv2%2Fcomments&post=689330"}],"version-history":[{"count":0,"href":"https:\/\/microscopemedia.com\/index.php?rest_route=\/wp\/v2\/posts\/689330\/revisions"}],"wp:featuredmedia":[{"embeddable":true,"href":"https:\/\/microscopemedia.com\/index.php?rest_route=\/wp\/v2\/media\/689331"}],"wp:attachment":[{"href":"https:\/\/microscopemedia.com\/index.php?rest_route=%2Fwp%2Fv2%2Fmedia&parent=689330"}],"wp:term":[{"taxonomy":"category","embeddable":true,"href":"https:\/\/microscopemedia.com\/index.php?rest_route=%2Fwp%2Fv2%2Fcategories&post=689330"},{"taxonomy":"post_tag","embeddable":true,"href":"https:\/\/microscopemedia.com\/index.php?rest_route=%2Fwp%2Fv2%2Ftags&post=689330"}],"curies":[{"name":"wp","href":"https:\/\/api.w.org\/{rel}","templated":true}]}}