{"id":689332,"date":"2026-04-26T07:16:04","date_gmt":"2026-04-26T07:16:04","guid":{"rendered":"https:\/\/microscopemedia.com\/?p=689332"},"modified":"2026-04-26T07:16:04","modified_gmt":"2026-04-26T07:16:04","slug":"nicusor-dan-se-intalneste-luni-cu-liderii-psd-pnl-usr-udmr-si-ai-grupului-minoritatilor","status":"publish","type":"post","link":"https:\/\/microscopemedia.com\/?p=689332","title":{"rendered":"Nicu\u0219or Dan se \u00eent\u00e2lne\u0219te luni cu liderii PSD, PNL, USR, UDMR \u0219i ai grupului minorit\u0103\u021bilor"},"content":{"rendered":"<div><img decoding=\"async\" src=\"https:\/\/microscopemedia.com\/wp-content\/uploads\/2026\/04\/nicusor-dan-se-intalneste-luni-cu-liderii-psd-pnl-usr-udmr-si-ai-grupului-minoritatilor.jpg\" class=\"ff-og-image-inserted\"><\/div>\n<p id=\"p-0\">\u00cent\u00e2lnirea este programat\u0103 luni la ora 10.00 la palatul Cotroceni.<\/p>\n<p id=\"p-1\">Potrivit Administra\u021biei preziden\u021biale, \u0219eful statului are o \u00eentrevedere cu liderii partidelor \u0219i forma\u021biunilor politice parlamentare pro-europene (Partidul Social Democrat, Partidul Na\u021bional Liberal, Uniunea Salva\u021bi Rom\u00e2nia, Uniunea Democrat\u0103 Maghiar\u0103 din Rom\u00e2nia \u0219i Grupul Parlamentar al Minorit\u0103\u021bilor Na\u021bionale).<\/p>\n<p id=\"p-2\">\u00cent\u00e2lnirea are ca tem\u0103 implementarea programelor majore pentru Rom\u00e2nia (SAFE, PNRR).<\/p>\n<h2 id=\"chapter-0\">Apel la dezescaladare<\/h2>\n<p id=\"p-3\">Pre\u0219edintele Nicu\u0219or Dan a avut \u0219i miercuri consult\u0103ri cu partidele, dup\u0103 retragerea sprijinului pentru premierul Ilie Bolojan de c\u0103tre PSD.<\/p>\n<p id=\"p-4\">El a f\u0103cut atunci apel la \u201edezescaladare\u201d \u0219i a spus c\u0103 toate forma\u021biunile \u0219i-au exprimat disponibilitatea de cooperare pe <span><a href=\"https:\/\/www.mediafax.ro\/politic\/nicusor-dan-dupa-consultari-cu-partidele-in-orice-formula-vom-avea-nevoie-de-dialog-intre-fortele-politice-pro-occidentale-23724776\" target=\"_blank\" rel=\"noopener\">proiectele esen\u021biale<\/a><\/span> pe care Rom\u00e2nia le are \u00een perioada imediat urm\u0103toare.<\/p>\n<p id=\"p-5\">\u201eFiecare din partidele care au venit azi \u0219i minorit\u0103\u021bile na\u021bionale au afirmat expres c\u0103 exclud o guvernare cu for\u021be anti-occidentale, recte AUR. \u0218i fiecare dintre ele \u0219i-a exprimat disponibilitatea de cooperare \u00een mod special, particular, pe proiectele esen\u021biale pe care Rom\u00e2nia le are \u00een perioada imediat urm\u0103toare, OECD, SAFE, PNRR. Deci, calm \u0219i vom trece prin asta\u201d, a mai spus Dan.<\/p>\n<p id=\"p-6\">&nbsp;<\/p>\n<p id=\"p-7\">&nbsp;<\/p>\n","protected":false},"excerpt":{"rendered":"<p>\u00cent\u00e2lnirea este programat\u0103 luni la ora 10.00 la palatul Cotroceni. Potrivit Administra\u021biei preziden\u021biale, \u0219eful statului are o \u00eentrevedere cu liderii partidelor \u0219i forma\u021biunilor politice parlamentare pro-europene (Partidul Social Democrat, Partidul &hellip; <a href=\"https:\/\/microscopemedia.com\/?p=689332\" class=\"more-link\">Read More<\/a><\/p>\n","protected":false},"author":1,"featured_media":689333,"comment_status":"closed","ping_status":"closed","sticky":false,"template":"Default","format":"standard","meta":[],"categories":[1],"tags":[],"_links":{"self":[{"href":"https:\/\/microscopemedia.com\/index.php?rest_route=\/wp\/v2\/posts\/689332"}],"collection":[{"href":"https:\/\/microscopemedia.com\/index.php?rest_route=\/wp\/v2\/posts"}],"about":[{"href":"https:\/\/microscopemedia.com\/index.php?rest_route=\/wp\/v2\/types\/post"}],"author":[{"embeddable":true,"href":"https:\/\/microscopemedia.com\/index.php?rest_route=\/wp\/v2\/users\/1"}],"replies":[{"embeddable":true,"href":"https:\/\/microscopemedia.com\/index.php?rest_route=%2Fwp%2Fv2%2Fcomments&post=689332"}],"version-history":[{"count":0,"href":"https:\/\/microscopemedia.com\/index.php?rest_route=\/wp\/v2\/posts\/689332\/revisions"}],"wp:featuredmedia":[{"embeddable":true,"href":"https:\/\/microscopemedia.com\/index.php?rest_route=\/wp\/v2\/media\/689333"}],"wp:attachment":[{"href":"https:\/\/microscopemedia.com\/index.php?rest_route=%2Fwp%2Fv2%2Fmedia&parent=689332"}],"wp:term":[{"taxonomy":"category","embeddable":true,"href":"https:\/\/microscopemedia.com\/index.php?rest_route=%2Fwp%2Fv2%2Fcategories&post=689332"},{"taxonomy":"post_tag","embeddable":true,"href":"https:\/\/microscopemedia.com\/index.php?rest_route=%2Fwp%2Fv2%2Ftags&post=689332"}],"curies":[{"name":"wp","href":"https:\/\/api.w.org\/{rel}","templated":true}]}}