{"id":689346,"date":"2026-04-26T09:06:04","date_gmt":"2026-04-26T09:06:04","guid":{"rendered":"https:\/\/microscopemedia.com\/?p=689346"},"modified":"2026-04-26T09:06:04","modified_gmt":"2026-04-26T09:06:04","slug":"se-schimba-harta-capitalei-trei-bulevarde-uriase-ar-putea-fi-preluate-de-sectorul-2","status":"publish","type":"post","link":"https:\/\/microscopemedia.com\/?p=689346","title":{"rendered":"Se schimb\u0103 harta Capitalei, trei bulevarde uria\u0219e ar putea fi preluate de Sectorul 2"},"content":{"rendered":"<div><img decoding=\"async\" src=\"https:\/\/microscopemedia.com\/wp-content\/uploads\/2026\/04\/se-schimba-harta-capitalei-trei-bulevarde-uriase-ar-putea-fi-preluate-de-sectorul-2.jpg\" class=\"ff-og-image-inserted\"><\/div>\n<p id=\"p-0\">Autoritatea local\u0103 solicit\u0103 Consiliului General al Municipiului Bucure\u0219ti transferul \u00een administrare al acestor bulevarde pentru a putea demara lucr\u0103ri de modernizare, noteaz\u0103 publica\u021bia <a href=\"https:\/\/buletin.de\/bucuresti\/primaria-sectorului-2-cere-trei-mari-bulevarde-de-la-pmb-pentru-modernizare\/\" target=\"_blank\" rel=\"noopener\">Buletin de Bucure\u0219ti.<\/a><\/p>\n<p id=\"p-1\">\u00cen cazul <strong>\u0218oselei Colentina, cererea vizeaz\u0103 segmentul cuprins \u00eentre zona Obor \u0219i \u0218oseaua Fundeni.<\/strong> Proiectul prevede modernizarea infrastructurii rutiere \u0219i pietonale, reconfigurarea profilului transversal, amenajarea de piste pentru biciclete, extinderea spa\u021biilor verzi \u0219i m\u0103suri pentru cre\u0219terea siguran\u021bei rutiere.<\/p>\n<p id=\"p-2\">Reprezentan\u021bii Prim\u0103riei Sectorului 2 justific\u0103 ini\u021biativa prin cre\u0219terea num\u0103rului de autovehicule, degradarea arterelor \u0219i intensificarea traficului. Potrivit acestora, modernizarea ar contribui la fluidizarea circula\u021biei \u0219i la reducerea efectelor polu\u0103rii.<\/p>\n<p id=\"p-3\">Finan\u021barea lucr\u0103rilor ar urma s\u0103 fie asigurat\u0103 din bugetul local al Sectorului 2 sau din alte surse legal constituite.<\/p>\n<p id=\"p-4\">Pe lista arterelor vizate se afl\u0103 \u0219i Bulevardul Chi\u0219in\u0103u, unde sunt propuse lucr\u0103ri de modernizare structural\u0103, func\u021bional\u0103 \u0219i estetic\u0103, precum \u0219i revitalizarea zonelor adiacente. M\u0103surile includ, similar celorlalte proiecte, modernizarea drumului, piste pentru biciclete \u0219i amenajarea de spa\u021bii verzi.<\/p>\n<p id=\"p-5\">De asemenea, Prim\u0103ria Sectorului 2 solicit\u0103 preluarea C\u0103ii Mo\u0219ilor. \u0218i \u00een acest caz sunt prev\u0103zute lucr\u0103ri de modernizare, extinderea spa\u021biilor verzi \u0219i amenajarea de piste pentru biciclete.<\/p>\n<p id=\"p-6\">Toate aceste proiecte depind \u00eens\u0103 de acordul Prim\u0103riei Generale, care trebuie s\u0103 aprobe transferul arterelor c\u0103tre administra\u021bia local\u0103.<\/p>\n","protected":false},"excerpt":{"rendered":"<p>Autoritatea local\u0103 solicit\u0103 Consiliului General al Municipiului Bucure\u0219ti transferul \u00een administrare al acestor bulevarde pentru a putea demara lucr\u0103ri de modernizare, noteaz\u0103 publica\u021bia Buletin de Bucure\u0219ti. \u00cen cazul \u0218oselei Colentina, &hellip; <a href=\"https:\/\/microscopemedia.com\/?p=689346\" class=\"more-link\">Read More<\/a><\/p>\n","protected":false},"author":1,"featured_media":689347,"comment_status":"closed","ping_status":"closed","sticky":false,"template":"Default","format":"standard","meta":[],"categories":[1],"tags":[],"_links":{"self":[{"href":"https:\/\/microscopemedia.com\/index.php?rest_route=\/wp\/v2\/posts\/689346"}],"collection":[{"href":"https:\/\/microscopemedia.com\/index.php?rest_route=\/wp\/v2\/posts"}],"about":[{"href":"https:\/\/microscopemedia.com\/index.php?rest_route=\/wp\/v2\/types\/post"}],"author":[{"embeddable":true,"href":"https:\/\/microscopemedia.com\/index.php?rest_route=\/wp\/v2\/users\/1"}],"replies":[{"embeddable":true,"href":"https:\/\/microscopemedia.com\/index.php?rest_route=%2Fwp%2Fv2%2Fcomments&post=689346"}],"version-history":[{"count":0,"href":"https:\/\/microscopemedia.com\/index.php?rest_route=\/wp\/v2\/posts\/689346\/revisions"}],"wp:featuredmedia":[{"embeddable":true,"href":"https:\/\/microscopemedia.com\/index.php?rest_route=\/wp\/v2\/media\/689347"}],"wp:attachment":[{"href":"https:\/\/microscopemedia.com\/index.php?rest_route=%2Fwp%2Fv2%2Fmedia&parent=689346"}],"wp:term":[{"taxonomy":"category","embeddable":true,"href":"https:\/\/microscopemedia.com\/index.php?rest_route=%2Fwp%2Fv2%2Fcategories&post=689346"},{"taxonomy":"post_tag","embeddable":true,"href":"https:\/\/microscopemedia.com\/index.php?rest_route=%2Fwp%2Fv2%2Ftags&post=689346"}],"curies":[{"name":"wp","href":"https:\/\/api.w.org\/{rel}","templated":true}]}}