{"id":689348,"date":"2026-04-26T09:16:04","date_gmt":"2026-04-26T09:16:04","guid":{"rendered":"https:\/\/microscopemedia.com\/?p=689348"},"modified":"2026-04-26T09:16:04","modified_gmt":"2026-04-26T09:16:04","slug":"avertisment-in-maramures-praful-de-steril-purtat-de-vant-spre-baia-mare","status":"publish","type":"post","link":"https:\/\/microscopemedia.com\/?p=689348","title":{"rendered":"Avertisment \u00een Maramure\u0219. Praful de steril, purtat de v\u00e2nt spre Baia Mare"},"content":{"rendered":"<div><img decoding=\"async\" src=\"https:\/\/microscopemedia.com\/wp-content\/uploads\/2026\/04\/avertisment-in-maramures-praful-de-steril-purtat-de-vant-spre-baia-mare.jpg\" class=\"ff-og-image-inserted\"><\/div>\n<p id=\"p-0\">\u201eIntensific\u0103rile de v\u00e2nt antreneaz\u0103 particule de praf de steril din zona iazului de decantare T\u0103u\u021bii de Sus spre zonele locuite din zona metropolitan\u0103 Baia Mare\u201d, a transmis Prefectura Maramure\u0219.<\/p>\n<p id=\"p-1\">Conform sursei citate, praful reduce vizibilitatea \u0219i afecteaz\u0103 temporar calitatea aerului, provoc\u00e2nd disconfort pentru popula\u021bie.<\/p>\n<p id=\"p-2\">Autorit\u0103\u021bile anun\u021b\u0103 c\u0103 situa\u021bia este monitorizat\u0103.<\/p>\n<h2 id=\"chapter-0\">Recomand\u0103rile autorit\u0103\u021bilor<\/h2>\n<p data-start=\"533\" data-end=\"569\" id=\"p-3\">Prefectura le recomand\u0103 cet\u0103\u021benilor:<\/p>\n<ul data-start=\"570\" data-end=\"833\">\n<li data-section-id=\"6e9kxy\" data-start=\"570\" data-end=\"640\">s\u0103 limiteze deplas\u0103rile \u00een aer liber \u00een perioadele cu v\u00e2nt puternic;<\/li>\n<li data-section-id=\"cyrgpi\" data-start=\"641\" data-end=\"677\">s\u0103 \u00eenchid\u0103 ferestrele locuin\u021belor;<\/li>\n<li data-section-id=\"1877jvm\" data-start=\"678\" data-end=\"735\">s\u0103 utilizeze, dac\u0103 este necesar, mijloace de protec\u021bie;<\/li>\n<li data-section-id=\"8lbam0\" data-start=\"736\" data-end=\"833\">s\u0103 acorde o aten\u021bie sporit\u0103 copiilor, persoanelor v\u00e2rstnice \u0219i celor cu afec\u021biuni respiratorii.<\/li>\n<\/ul>\n<p id=\"p-4\">Autorit\u0103\u021bile fac apel la respectarea acestor m\u0103suri pentru reducerea impactului fenomenului asupra s\u0103n\u0103t\u0103\u021bii.<\/p>\n<p id=\"p-5\">Jude\u021bul Maramure\u0219 se afl\u0103 sub cod galben de intensific\u0103ri ale v\u00e2ntului, valabil \u00een data de 26 aprilie, \u00een intervalul 09:00 \u2013 21:00.<\/p>\n","protected":false},"excerpt":{"rendered":"<p>\u201eIntensific\u0103rile de v\u00e2nt antreneaz\u0103 particule de praf de steril din zona iazului de decantare T\u0103u\u021bii de Sus spre zonele locuite din zona metropolitan\u0103 Baia Mare\u201d, a transmis Prefectura Maramure\u0219. Conform &hellip; <a href=\"https:\/\/microscopemedia.com\/?p=689348\" class=\"more-link\">Read More<\/a><\/p>\n","protected":false},"author":1,"featured_media":689349,"comment_status":"closed","ping_status":"closed","sticky":false,"template":"Default","format":"standard","meta":[],"categories":[1],"tags":[],"_links":{"self":[{"href":"https:\/\/microscopemedia.com\/index.php?rest_route=\/wp\/v2\/posts\/689348"}],"collection":[{"href":"https:\/\/microscopemedia.com\/index.php?rest_route=\/wp\/v2\/posts"}],"about":[{"href":"https:\/\/microscopemedia.com\/index.php?rest_route=\/wp\/v2\/types\/post"}],"author":[{"embeddable":true,"href":"https:\/\/microscopemedia.com\/index.php?rest_route=\/wp\/v2\/users\/1"}],"replies":[{"embeddable":true,"href":"https:\/\/microscopemedia.com\/index.php?rest_route=%2Fwp%2Fv2%2Fcomments&post=689348"}],"version-history":[{"count":0,"href":"https:\/\/microscopemedia.com\/index.php?rest_route=\/wp\/v2\/posts\/689348\/revisions"}],"wp:featuredmedia":[{"embeddable":true,"href":"https:\/\/microscopemedia.com\/index.php?rest_route=\/wp\/v2\/media\/689349"}],"wp:attachment":[{"href":"https:\/\/microscopemedia.com\/index.php?rest_route=%2Fwp%2Fv2%2Fmedia&parent=689348"}],"wp:term":[{"taxonomy":"category","embeddable":true,"href":"https:\/\/microscopemedia.com\/index.php?rest_route=%2Fwp%2Fv2%2Fcategories&post=689348"},{"taxonomy":"post_tag","embeddable":true,"href":"https:\/\/microscopemedia.com\/index.php?rest_route=%2Fwp%2Fv2%2Ftags&post=689348"}],"curies":[{"name":"wp","href":"https:\/\/api.w.org\/{rel}","templated":true}]}}