{"id":689354,"date":"2026-04-26T09:46:04","date_gmt":"2026-04-26T09:46:04","guid":{"rendered":"https:\/\/microscopemedia.com\/?p=689354"},"modified":"2026-04-26T09:46:04","modified_gmt":"2026-04-26T09:46:04","slug":"stefan-augustin-doinas-mistretul-cu-colti-de-argint-care-a-invins-moartea-prin-iubire-si-cuvant","status":"publish","type":"post","link":"https:\/\/microscopemedia.com\/?p=689354","title":{"rendered":"\u0218tefan Augustin Doina\u0219 \u2013 mistre\u021bul cu col\u021bi de argint care a \u00eenvins moartea prin iubire \u0219i cuv\u00e2nt"},"content":{"rendered":"<div><img decoding=\"async\" src=\"https:\/\/microscopemedia.com\/wp-content\/uploads\/2026\/04\/stefan-augustin-doinas-mistretul-cu-colti-de-argint-care-a-invins-moartea-prin-iubire-si-cuvant.jpg\" class=\"ff-og-image-inserted\"><\/div>\n<p id=\"p-0\">Data de 26 aprilie 2026 marcheaz\u0103 \u00eemplinirea a 104 ani de la na\u0219terea lui \u0218tefan Augustin Doina\u0219, moment ce impune o reflec\u021bie lucid\u0103 asupra unui destin intelectual de o rigoare exemplar\u0103, marcat de asprimea istoriei \u0219i de o integritate moral\u0103 care a transformat suferin\u021ba \u00een art\u0103 \u0219i singur\u0103tatea \u00een legend\u0103.<\/p>\n<p id=\"p-1\">N\u0103scut la 26 aprilie 1922 \u00een localitatea Cherechiu din jude\u021bul Arad, cunoscut\u0103 ast\u0103zi sub numele de Caporal Alexa, \u0218tefan Popa a fost fiul unor gospodari \u00eenst\u0103ri\u021bi, a c\u0103ror trud\u0103 pe cele 16 hectare de p\u0103m\u00e2nt avea s\u0103 fie interpretat\u0103, ironic \u0219i dureros, drept o vin\u0103 social\u0103 de c\u0103tre regimul comunist. T\u00e2n\u0103rul a crescut sub orizontul vast al c\u00e2mpiei, urm\u00e2nd \u0219coala primar\u0103 \u00een satul natal \u0219i apoi Liceul \u201eMoise Nicoar\u0103\u201d din Arad, unde profesorul Alecu Constantinescu i-a deschis por\u021bile c\u0103tre universul infinit al literaturii.<\/p>\n<p id=\"p-2\">Dincolo de datele biografice, Cherechiul a r\u0103mas pentru Doina\u0219 o geografie a spiritului, locul \u00een care lini\u0219tea c\u00e2mpiei \u00eei permitea t\u00e2n\u0103rului s\u0103 aud\u0103 ecoul propriilor g\u00e2nduri. Exist\u0103 o triste\u021be metafizic\u0103 \u00een imaginea copilului care cite\u0219te Mallarm\u00e9 \u00eentr-o cas\u0103 de gospodari ar\u0103deni, sim\u021bind deja c\u0103 lumea sa, a ordinii \u0219i a p\u0103m\u00e2ntului sfin\u021bit prin munc\u0103, va fi spulberat\u0103. Acea \u201emie de lucruri trec\u0103toare\u201d a \u00eenceput acolo, \u00een praful drumurilor de \u021bar\u0103, unde a \u00eenv\u0103\u021bat c\u0103 singura avere care nu poate fi confiscat\u0103 este cuv\u00e2ntul bine ales \u0219i demnitatea t\u0103cut\u0103.<\/p>\n<p id=\"p-3\">\u00cen toamna anului 1941, Doina\u0219 pleac\u0103 la Sibiu, acolo unde se refugiase Universitatea din Cluj dup\u0103 Dictatul de la Viena. De\u0219i admis la Medicin\u0103, migreaz\u0103 rapid spre Litere \u0219i Filosofie, devenind unul dintre st\u00e2lpii \u201ecercului literar de la Sibiu\u201d. Al\u0103turi de Radu Stanca \u0219i Ion Negoi\u021bescu, semneaz\u0103 \u201eManifestul\u201d cerchi\u0219tilor, milit\u00e2nd pentru o cultur\u0103 european\u0103 \u0219i estetic\u0103 \u00eentr-un moment \u00een care lumea era sf\u00e2\u0219iat\u0103 de r\u0103zboi \u0219i ideologii extremiste.<\/p>\n<p id=\"p-4\">Aceast\u0103 perioad\u0103 a fost prim\u0103vara intelectual\u0103 a unui grup de tineri care credeau c\u0103 poezia poate fi un scut \u00eempotriva barbariei, erau \u201ecavalerii spiritului\u201d, tr\u0103ind \u00eentr-un Sibiu de poveste, \u00een timp ce tunurile bubuiau la grani\u021be. Pentru Doina\u0219, prietenia cu Radu Stanca a fost mai mult dec\u00e2t o colaborare literar\u0103, a fost o \u00eenfr\u0103\u021bire de destin, iar imaginea acestor tineri discut\u00e2nd despre estetica baladei, cu o foame de absolut care dep\u0103\u0219ea ra\u021bia de p\u00e2ine a r\u0103zboiului, r\u0103m\u00e2ne una dintre cele mai pure dovezi de rezisten\u021b\u0103 prin cultur\u0103 din istoria noastr\u0103.<\/p>\n<p id=\"p-5\">Anul 1957 aduce pr\u0103bu\u0219irea brutal\u0103 a iluziei libert\u0103\u021bii. \u0218tefan Augustin Doina\u0219 este condamnat la un an de \u00eenchisoare pentru \u201eomisiune de denun\u021b\u201d. Vina sa? Nu l-a p\u00e2r\u00e2t pe Marcel Petri\u0219or, cel care adusese vestea revolu\u021biei din Ungaria. Pentru sistem, era o crim\u0103 de stat, pentru Doina\u0219, era singura alegere moral\u0103 posibil\u0103, un act de onoare care l-a trimis \u00een spatele gratiilor, transform\u00e2ndu-l \u00eentr-un du\u0219man al regimului comunist pentru mul\u021bi ani de la eliberare.<\/p>\n<p id=\"p-6\">\u00cen celula rece, \u00een care timpul se m\u0103sura \u00een b\u0103t\u0103i de inim\u0103 \u0219i umbre pe perete, Doina\u0219 a \u00eenv\u0103\u021bat adev\u0103ratul sens al singur\u0103t\u0103\u021bii despre care vorbea. Cum s\u0103-\u021bi p\u0103strezi mintea \u00eentreag\u0103 c\u00e2nd lumea ta este redus\u0103 la c\u00e2\u021biva metri p\u0103tra\u021bi de ciment? A supravie\u021buit prin exerci\u021bii de memorie, recit\u00e2nd \u00een minte versuri pe care nu avea voie s\u0103 le scrie. Acea omisiune de denun\u021b a fost, \u00een realitate, cel mai frumos poem de loialitate pe care l-a scris vreodat\u0103, o balad\u0103 a t\u0103cerii care a c\u00e2nt\u0103rit mai greu dec\u00e2t toate volumele publicate mai t\u00e2rziu.<\/p>\n<p id=\"p-7\">Dup\u0103 eliberarea din aprilie 1958, via\u021ba lui \u0218tefan Augustin Doina\u0219 cap\u0103t\u0103 o turnur\u0103 providen\u021bial\u0103 prin c\u0103s\u0103toria cu Irinel Liciu, prim-balerina Operei din Bucure\u0219ti, c\u0103ci \u00eentr-o perioad\u0103 \u00een care el avea interdic\u021bie de a publica, ea a fost cea care a asigurat subzisten\u021ba familiei \u0219i echilibrul sufletesc al poetului. Doina\u0219 accept\u0103 cu o modestie aristocrat\u0103 <strong>rolul de prin\u021b consort,<\/strong> a\u0219tept\u00e2nd \u00een culise ca leb\u0103da sa s\u0103 termine spectacolul, fiind adesea strigat de portar \u201edomnul Irinel\u201d.<\/p>\n<p id=\"p-8\">A fost \u00eent\u00e2lnirea dintre for\u021ba cuv\u00e2ntului cerebral \u0219i gra\u021bia absolut\u0103 a mi\u0219c\u0103rii. Irinel a fost muza care i-a vindecat r\u0103nile \u00eenchisorii prin dans. \u00cen t\u0103cerea apartamentului lor, ea \u00eei oferea libertatea pe care statul i-o refuza. Exist\u0103 ceva profund sf\u00e2\u0219ietor \u00een imaginea acestui gigant al literelor, st\u00e2nd \u00een \u00eentuneric la spectacolele ei, g\u0103sind \u00een mi\u0219c\u0103rile ei fluide armonia pe care el \u00eencerca s\u0103 o pun\u0103 \u00een versuri. Ei doi erau dou\u0103 jum\u0103t\u0103\u021bi ale unei singure entit\u0103\u021bi estetice \u00eentr-un Bucure\u0219ti care nu merita at\u00e2ta frumuse\u021be.<\/p>\n<p id=\"p-9\">Opera lui \u0218tefan Augustin Doina\u0219 a fost marcat\u0103 de o lung\u0103 perioad\u0103 de t\u0103cere for\u021bat\u0103. Volumul \u201eAlfabet poetic\u201d, care trebuia s\u0103 fie debutul s\u0103u str\u0103lucit \u00een 1947, a ap\u0103rut abia \u00een 1978. A fost nevoit s\u0103 se refugieze \u00een traduceri \u0219i eseistic\u0103, devenind unul dintre cei mai fini t\u0103lm\u0103citori ai marii culturi germane \u0219i franceze. Poezia sa a evoluat de la balad\u0103 spre o liric\u0103 a ideilor, dens\u0103, matematic\u0103, refuz\u00e2nd orice concesie f\u0103cut\u0103 limbajului de lemn al epocii.<\/p>\n<p id=\"p-10\">A\u0219teptarea de decenii pentru a-\u0219i vedea c\u0103r\u021bile pe rafturi este o form\u0103 de martiriu intelectual. Doina\u0219 a scris \u201epentru sertar\u201d cu o rigoare de diamant, refuz\u00e2nd s\u0103 lase cenzura s\u0103-i altereze versul, fiecare sonet fiind o victorie secret\u0103 asupra dictaturii. Aceast\u0103 r\u0103bdare infinit\u0103 a creat o oper\u0103 care nu s-a demodat niciodat\u0103, pentru c\u0103 nu a apar\u021binut timpului s\u0103u politic, ci eternit\u0103\u021bii literare. El a fost \u201emistre\u021bul cu col\u021bi de argint\u201d care a \u00een\u021beles c\u0103, uneori, pentru a ajunge la ideal, trebuie s\u0103 treci prin pustiul celor mai reci ani ai istoriei.<\/p>\n<p id=\"p-11\">Din 1969, \u0218tefan Augustin Doina\u0219 s-a dedicat revistei \u201eSecolul 20\u201d, pe care o va conduce mai t\u00e2rziu, transform\u00e2nd-o \u00eentr-un fenomen cultural unic \u00een spa\u021biul comunist. Revista a reprezentat o form\u0103 de \u201erezisten\u021b\u0103 prin estetic\u0103\u201d, oferind cititorilor acces la marii g\u00e2nditori ai lumii. Recunoa\u0219terea sa a culminat dup\u0103 1989, c\u00e2nd a devenit membru al Academiei Rom\u00e2ne \u0219i a fost propus pentru Premiul Nobel, devenind o figur\u0103 central\u0103 a vie\u021bii publice \u0219i politice.<\/p>\n<p id=\"p-12\">Prin aceast\u0103 revist\u0103, \u0218tefan Augustin Doina\u0219 a oferit oxigen intelectual unei na\u021biuni care se sufoca. A fost un dasc\u0103l de elegan\u021b\u0103 spiritual\u0103, c\u0103ci \u00eentr-o perioad\u0103 de ur\u00e2\u021benie sistemic\u0103, a promovat sublimul. Era fascinant s\u0103 vezi cum, prin erudi\u021bia sa, reu\u0219ea s\u0103 fac\u0103 din cultura universal\u0103 un bun comun, oferind sentimentul c\u0103, prin lectur\u0103, suntem \u00eenc\u0103 cet\u0103\u021beni ai lumii libere. A fost ultimul mare \u201eboier al min\u021bii\u201d, o prezen\u021b\u0103 senin\u0103 care impunea respect prin simplul fapt c\u0103 exista.<\/p>\n<p id=\"p-13\">\u00cen ultima etap\u0103 a crea\u021biei sale, \u0218tefan Augustin Doina\u0219 s-a \u00eentors c\u0103tre divinitate printr-o serie de psalmi moderni, interogativi \u0219i durero\u0219i, adev\u0103rate confrunt\u0103ri intelectuale cu Dumnezeu, prin care \u00eentreab\u0103 despre sensul suferin\u021bei \u0219i despre jocul divin ce pl\u0103m\u0103de\u0219te vie\u021bi pentru a le vedea apoi curg\u00e2nd ca nisipul printre degete. <strong>Este lupta unui om care a \u00een\u021beles c\u0103 via\u021ba este o partid\u0103 pierdut\u0103 de \u0219ah \u00een fa\u021ba mor\u021bii, dar care refuz\u0103 s\u0103 piard\u0103 f\u0103r\u0103 a pune \u00eentreb\u0103rile esen\u021biale. <\/strong>Psalmii s\u0103i sunt, \u00een realitate, strig\u0103tul unui om care simte apropierea sf\u00e2r\u0219itului \u0219i caut\u0103 o ultim\u0103 ancor\u0103 de sens. Emo\u021bia acestor versuri st\u0103 \u00een vulnerabilitatea celui care a fost toat\u0103 via\u021ba un monument de rigoare. S\u0103-l auzi pe \u0218tefan Augustin Doina\u0219 \u00eentreb\u00e2nd \u201ede ce te joci, st\u0103p\u00e2ne?\u201d este ca \u0219i cum ai vedea un munte care pl\u00e2nge, recunoa\u0219terea fragilit\u0103\u021bii umane \u00een fa\u021ba infinitului, o lec\u021bie de umilin\u021b\u0103 suprem\u0103 din partea unui intelectual care a citit tot, dar care recunoa\u0219te c\u0103, \u00een fa\u021ba Marii Treceri, suntem to\u021bi la fel de singuri.<\/p>\n<p id=\"p-14\">La 25 mai 2002, \u0218tefan Augustin Doina\u0219 a trecut \u00een nefiin\u021b\u0103, l\u0103s\u00e2nd un gol imens \u00een cultura rom\u00e2n\u0103. Dispari\u021bia sa a fost resim\u021bit\u0103 ca pr\u0103bu\u0219irea unei coloane templiere. Totu\u0219i, ceea ce a urmat mor\u021bii sale a transformat acest doliu cultural \u00eentr-o tragedie shakespearian\u0103 care a uimit o \u00eentreag\u0103 na\u021biune, demonstr\u00e2nd c\u0103 poezia \u0219i via\u021ba pot atinge, uneori, un punct de fuziune absolut\u0103.<\/p>\n<p id=\"p-15\">Moartea poetului a fost momentul \u00een care timpul s-a oprit pentru o clip\u0103. Academicianul, traduc\u0103torul, senatorul, toate aceste m\u0103\u0219ti sociale au c\u0103zut, l\u0103s\u00e2nd \u00een urm\u0103 doar un om care \u00ee\u0219i \u00eencheiase <strong>misiunea <\/strong>terestr\u0103, dar \u00een apartamentul lini\u0219tit, acolo unde el se stinsese, r\u0103m\u0103sese o t\u0103cere care nu era a mor\u021bii, ci a unei a\u0219tept\u0103ri. Ultima sa pagin\u0103 nu a fost scris\u0103 de el, ci urma s\u0103 fie semnat\u0103 de cea care fusese umbra sa luminoas\u0103 timp de aproape jum\u0103tate de secol.<\/p>\n<p id=\"p-16\">C\u00e2teva ore mai t\u00e2rziu, Irinel Liciu a decis c\u0103 lumea nu mai are nicio ra\u021biune f\u0103r\u0103 \u0218tefan Augustin Doina\u0219, iar gestul ei, sinuciderea prin somnifere, \u0219i biletul de adio adresat \u201eDomnului \u0219i Dumnezeului ei\u201d \u0219i \u201edulcelui ei Doina\u0219\u201d r\u0103m\u00e2n marturia suprem\u0103 a unei leg\u0103turi care dep\u0103\u0219ea biologia. \u201eO prea mare iubire ucide\u201d, cuvintele ei au devenit epitaful unei genera\u021bii care a crezut \u00een absolut p\u00e2n\u0103 la cap\u0103t. Irinel a ales s\u0103 danseze ultimul s\u0103u spectacol \u00een moarte, refuz\u00e2nd s\u0103 r\u0103m\u00e2n\u0103 orfan\u0103 pe p\u0103m\u00e2nt.<\/p>\n<p id=\"p-17\">Nu exist\u0103 cuvinte care s\u0103 cuprind\u0103 durerea \u0219i frumuse\u021bea acestui gest. Irinel Liciu nu a ales moartea, ci l-a ales pe el, dincolo de grani\u021ba vie\u021bii, a fost \u201eMoartea lebedei\u201d \u00een cea mai pur\u0103 \u0219i tragic\u0103 form\u0103, un act de devotament care a transformat o c\u0103snicie \u00eentr-o legend\u0103. C\u00e2nd a a\u0219ezat biletul de adio l\u00e2ng\u0103 cutia de medicamente, nu a f\u0103cut un act de disperare, ci un act de libertate suprem\u0103, a refuzat o via\u021b\u0103 f\u0103r\u0103 sens, demonstr\u00e2nd c\u0103, pentru unii oameni, iubirea este \u00eens\u0103\u0219i respira\u021bia.<\/p>\n<p id=\"p-18\">Ast\u0103zi, cei doi se odihnesc \u00eempreun\u0103 la Cimitirul Bellu, sub o plac\u0103 de marmur\u0103 care p\u0103streaz\u0103 vie memoria unei iubiri ce a sfidat deceniile \u0219i moartea.<\/p>\n<p id=\"p-19\">\u0218tefan Augustin Doina\u0219 este un simbol al rezilien\u021bei prin cultur\u0103, iar <strong>lec\u021bia care ne r\u0103m\u00e2ne de la el este aceea c\u0103 identitatea se pl\u0103te\u0219te cu s\u00e2nge, dar se salveaz\u0103 prin spirit \u0219i prin capacitatea de a iubi necondi\u021bionat.<\/strong><\/p>\n<p id=\"p-20\">Privind spre morm\u00e2ntul lor comun, \u00een\u021belegem c\u0103 adev\u0103rata \u201eNou\u0103 Armenie\u201d a spiritului despre care vorbeam este aceast\u0103 capacitate de a r\u0103m\u00e2ne vertical \u00een fa\u021ba istoriei \u0219i fidel \u00een fa\u021ba inimii. \u0218tefan Augustin Doina\u0219 ne-a l\u0103sat versurile, dar \u00eempreun\u0103 cu Irinel ne-a l\u0103sat dovada c\u0103 omul poate fi mai mare dec\u00e2t propria sa soart\u0103. Ei sunt bunicii no\u0219tri spirituali, eroii shakespearieni ai unui secol care a \u00eencercat s\u0103 ne dezumanizeze, dar care a e\u0219uat \u00een fa\u021ba a doi oameni ce au ales s\u0103 plece \u00eempreun\u0103, \u021bin\u00e2ndu-se de m\u00e2n\u0103, spre lumea f\u0103r\u0103 de durere.<\/p>\n<p id=\"p-21\">Ast\u0103zi, pe 26 aprilie 2026, la 104 ani de la \u00eenceputul acestui destin, sim\u021bim c\u0103 \u0218tefan Augustin Doina\u0219 nu ne-a p\u0103r\u0103sit niciodat\u0103. El tr\u0103ie\u0219te \u00een fiecare balad\u0103 recitat\u0103, \u00een fiecare num\u0103r din \u201eSecolul 20\u201d r\u0103sfoit \u0219i \u00een fiecare inim\u0103 care tremur\u0103 la citirea biletului de adio al lui Irinel. <strong>Interpretarea existen\u021bei lor este, \u00een final, un exerci\u021biu de admira\u021bie \u0219i de speran\u021b\u0103. \u00centr-o lume care pare s\u0103 se \u00eenstr\u0103ineze de ea \u00eens\u0103\u0219i, povestea lor ne reaminte\u0219te c\u0103 exist\u0103 \u00een istoria umanit\u0103\u021bii popoare, \u0219i indivizi, a c\u0103ror rezisten\u021b\u0103 pare a fi o sfidare continu\u0103 la adresa legilor firii, iar<\/strong> <strong>Doina\u0219 \u0219i Irinel au fost defini\u021bia acestei sfid\u0103ri. Ei ne \u00eenva\u021b\u0103 c\u0103 via\u021ba nu se m\u0103soar\u0103 \u00een ani, ci \u00een intensitatea cu care ai servit adev\u0103rul \u0219i \u00een profunzimea cu care ai iubit, c\u0103ci, la final, r\u0103m\u00e2nem doar cu ceea ce am d\u0103ruit \u0219i cu certitudinea c\u0103, oriunde s-ar afla acum, \u201edulcele s\u0103u Doina\u0219\u201d \u0219i \u201eleb\u0103da sa Irina\u201d creeaz\u0103 o nou\u0103 lume, \u00een care iubirea nu mai ucide, ci d\u0103 via\u021b\u0103 ve\u0219nic\u0103.<\/strong><\/p>\n","protected":false},"excerpt":{"rendered":"<p>Data de 26 aprilie 2026 marcheaz\u0103 \u00eemplinirea a 104 ani de la na\u0219terea lui \u0218tefan Augustin Doina\u0219, moment ce impune o reflec\u021bie lucid\u0103 asupra unui destin intelectual de o rigoare &hellip; <a href=\"https:\/\/microscopemedia.com\/?p=689354\" class=\"more-link\">Read More<\/a><\/p>\n","protected":false},"author":1,"featured_media":689355,"comment_status":"closed","ping_status":"closed","sticky":false,"template":"Default","format":"standard","meta":[],"categories":[1],"tags":[],"_links":{"self":[{"href":"https:\/\/microscopemedia.com\/index.php?rest_route=\/wp\/v2\/posts\/689354"}],"collection":[{"href":"https:\/\/microscopemedia.com\/index.php?rest_route=\/wp\/v2\/posts"}],"about":[{"href":"https:\/\/microscopemedia.com\/index.php?rest_route=\/wp\/v2\/types\/post"}],"author":[{"embeddable":true,"href":"https:\/\/microscopemedia.com\/index.php?rest_route=\/wp\/v2\/users\/1"}],"replies":[{"embeddable":true,"href":"https:\/\/microscopemedia.com\/index.php?rest_route=%2Fwp%2Fv2%2Fcomments&post=689354"}],"version-history":[{"count":0,"href":"https:\/\/microscopemedia.com\/index.php?rest_route=\/wp\/v2\/posts\/689354\/revisions"}],"wp:featuredmedia":[{"embeddable":true,"href":"https:\/\/microscopemedia.com\/index.php?rest_route=\/wp\/v2\/media\/689355"}],"wp:attachment":[{"href":"https:\/\/microscopemedia.com\/index.php?rest_route=%2Fwp%2Fv2%2Fmedia&parent=689354"}],"wp:term":[{"taxonomy":"category","embeddable":true,"href":"https:\/\/microscopemedia.com\/index.php?rest_route=%2Fwp%2Fv2%2Fcategories&post=689354"},{"taxonomy":"post_tag","embeddable":true,"href":"https:\/\/microscopemedia.com\/index.php?rest_route=%2Fwp%2Fv2%2Ftags&post=689354"}],"curies":[{"name":"wp","href":"https:\/\/api.w.org\/{rel}","templated":true}]}}