{"id":689362,"date":"2026-04-26T10:46:04","date_gmt":"2026-04-26T10:46:04","guid":{"rendered":"https:\/\/microscopemedia.com\/?p=689362"},"modified":"2026-04-26T10:46:04","modified_gmt":"2026-04-26T10:46:04","slug":"strazi-poluate-calea-victoriei-a-inregistrat-cea-mai-mare-valoare-medie-de-noxe-53-de-micrograme-pe-metru-cub","status":"publish","type":"post","link":"https:\/\/microscopemedia.com\/?p=689362","title":{"rendered":"\u201eStr\u0103zi poluate\u201d: Calea Victoriei a \u00eenregistrat cea mai mare valoare medie de noxe, 53 de micrograme pe metru cub"},"content":{"rendered":"<div><img decoding=\"async\" src=\"https:\/\/microscopemedia.com\/wp-content\/uploads\/2026\/04\/strazi-poluate-calea-victoriei-a-inregistrat-cea-mai-mare-valoare-medie-de-noxe-53-de-micrograme-pe-metru-cub.jpg\" class=\"ff-og-image-inserted\"><\/div>\n<p id=\"p-0\"><strong>Calea Victoriei se afl\u0103 printre cele mai poluate artere din Bucure\u0219ti. Potrivit Prim\u0103riei Capitalei, \u00een zona Cercul Militar a fost m\u0103surat\u0103 o valoare medie de 53,5 \u00b5g\/m\u00b3 de dioxid de azot (NO2), un gaz poluant rezultat \u00een principal din traficul rutier.<\/strong><\/p>\n<p id=\"p-1\">Acest indicator arat\u0103 c\u00e2t de mult poluant exist\u0103 \u00een aer, iar \u00een concentra\u021bii ridicate poate afecta sistemul respirator, \u00een special \u00een cazul copiilor \u0219i al persoanelor sensibile.<\/p>\n<p id=\"p-2\"><strong>Autorit\u0103\u021bile spun c\u0103 tocmai aceste valori ridicate au stat la baza <a href=\"https:\/\/www.mediafax.ro\/stirile-zilei\/politia-locala-a-intervenit-pe-calea-victoriei-boxele-de-la-terase-au-fost-date-jos-in-prima-zi-de-strazi-deschise-23726479\" target=\"_blank\" rel=\"noopener\">conceptului \u201eStr\u0103zi Deschise\u201d,<\/a> prin care traficul auto este restric\u021bionat temporar pe artere intens circulate, pentru a reduce expunerea la noxe \u0219i a reda spa\u021biul oamenilor.<\/strong><\/p>\n<p id=\"p-3\">Duminic\u0103, 26 aprilie, evenimentul a \u00eenceput de la ora 10:00, iar activit\u0103\u021bile se desf\u0103\u0219oar\u0103 pe tot parcursul zilei, p\u00e2n\u0103 seara, \u00een zona Calea Victoriei \u0219i pe str\u0103zile adiacente.<\/p>\n<p id=\"p-4\">\u00cen prima parte a zilei, \u00eentre orele 10:00 \u0219i 12:00, copiii au fost \u00eent\u00e2mpina\u021bi de atelierul de <strong>pictur\u0103 cu nisip,<\/strong> organizat pe Strada Ion Brezoianu, la intersec\u021bia cu Lipscani.<\/p>\n<p id=\"p-5\">Dup\u0103-amiaza continu\u0103 cu activit\u0103\u021bi pentru cei mici \u0219i pentru publicul larg. \u00centre 15:00 \u0219i 16:00, la Cercul Militar are loc un atelier de \u0219tiin\u021b\u0103 distractiv\u0103. \u00cen acela\u0219i interval, \u00een mai multe zone din apropiere sunt organizate ateliere de baloane modelabile \u0219i magie.<\/p>\n<p id=\"p-6\">De la ora 16:00 p\u00e2n\u0103 la 17:00, la statuia lui Iuliu Maniu este programat un spectacol de magie, iar \u00eentre 16:00 \u0219i 20:00, pe trotuarul din fa\u021ba Muzeului Na\u021bional de Art\u0103 au loc caricaturi urbane.<\/p>\n<p id=\"p-7\">Pentru copii, \u00eentre 17:00 \u0219i 18:00, este programat spectacolul \u201eCrina \u0219i p\u0103pu\u0219ile vorbitoare\u201d, iar \u00een paralel continu\u0103 atelierele interactive din zona Brezoianu \u2013 Lipscani.<\/p>\n<p id=\"p-8\">Spre sear\u0103, programul devine \u0219i mai intens. \u00centre 18:00 \u0219i 20:00, \u00een Pia\u021beta Odeon au loc concerte de muzic\u0103 popular\u0103 \u0219i pop-rock, cu arti\u0219ti precum Valeria Arn\u0103utu, Maria Constantin \u0219i Ozana Barabancea, dar \u0219i momente de dans modern \u0219i contemporan.<\/p>\n<p id=\"p-9\">Tot de la ora 18:00, \u00een Pia\u021ba Ion Ra\u021biu are loc o lectur\u0103 pentru copii, iar la Palatul CEC \u00eencepe \u201eNoaptea Dansului\u201d, eveniment care se desf\u0103\u0219oar\u0103 p\u00e2n\u0103 la ora 20:30.<\/p>\n<p id=\"p-10\">Pe tot parcursul zilei, \u00een Pia\u021ba Revolu\u021biei poate fi vizitat\u0103 o expozi\u021bie dedicat\u0103 proiectelor de urbanism participativ.<\/p>\n<p id=\"p-11\">Prin acest program, una dintre cele mai aglomerate \u0219i poluate artere din Capital\u0103 este transformat\u0103, pentru c\u00e2teva ore, \u00eentr-un spa\u021biu dedicat oamenilor, \u00een care traficul \u0219i noxele sunt \u00eenlocuite de activit\u0103\u021bi culturale \u0219i recreative.<\/p>\n","protected":false},"excerpt":{"rendered":"<p>Calea Victoriei se afl\u0103 printre cele mai poluate artere din Bucure\u0219ti. Potrivit Prim\u0103riei Capitalei, \u00een zona Cercul Militar a fost m\u0103surat\u0103 o valoare medie de 53,5 \u00b5g\/m\u00b3 de dioxid de &hellip; <a href=\"https:\/\/microscopemedia.com\/?p=689362\" class=\"more-link\">Read More<\/a><\/p>\n","protected":false},"author":1,"featured_media":689363,"comment_status":"closed","ping_status":"closed","sticky":false,"template":"Default","format":"standard","meta":[],"categories":[1],"tags":[],"_links":{"self":[{"href":"https:\/\/microscopemedia.com\/index.php?rest_route=\/wp\/v2\/posts\/689362"}],"collection":[{"href":"https:\/\/microscopemedia.com\/index.php?rest_route=\/wp\/v2\/posts"}],"about":[{"href":"https:\/\/microscopemedia.com\/index.php?rest_route=\/wp\/v2\/types\/post"}],"author":[{"embeddable":true,"href":"https:\/\/microscopemedia.com\/index.php?rest_route=\/wp\/v2\/users\/1"}],"replies":[{"embeddable":true,"href":"https:\/\/microscopemedia.com\/index.php?rest_route=%2Fwp%2Fv2%2Fcomments&post=689362"}],"version-history":[{"count":0,"href":"https:\/\/microscopemedia.com\/index.php?rest_route=\/wp\/v2\/posts\/689362\/revisions"}],"wp:featuredmedia":[{"embeddable":true,"href":"https:\/\/microscopemedia.com\/index.php?rest_route=\/wp\/v2\/media\/689363"}],"wp:attachment":[{"href":"https:\/\/microscopemedia.com\/index.php?rest_route=%2Fwp%2Fv2%2Fmedia&parent=689362"}],"wp:term":[{"taxonomy":"category","embeddable":true,"href":"https:\/\/microscopemedia.com\/index.php?rest_route=%2Fwp%2Fv2%2Fcategories&post=689362"},{"taxonomy":"post_tag","embeddable":true,"href":"https:\/\/microscopemedia.com\/index.php?rest_route=%2Fwp%2Fv2%2Ftags&post=689362"}],"curies":[{"name":"wp","href":"https:\/\/api.w.org\/{rel}","templated":true}]}}