{"id":689364,"date":"2026-04-26T10:56:05","date_gmt":"2026-04-26T10:56:05","guid":{"rendered":"https:\/\/microscopemedia.com\/?p=689364"},"modified":"2026-04-26T10:56:05","modified_gmt":"2026-04-26T10:56:05","slug":"update-fragmente-de-drona-gasite-in-judetul-tulcea-specialisti-mapn-si-sri-la-fata-locului","status":"publish","type":"post","link":"https:\/\/microscopemedia.com\/?p=689364","title":{"rendered":"UPDATE Fragmente de dron\u0103 g\u0103site \u00een jude\u021bul Tulcea. Speciali\u0219ti MApN \u0219i SRI, la fa\u021ba locului"},"content":{"rendered":"<div><img decoding=\"async\" src=\"https:\/\/microscopemedia.com\/wp-content\/uploads\/2026\/04\/update-fragmente-de-drona-gasite-in-judetul-tulcea-specialisti-mapn-si-sri-la-fata-locului.jpg\" class=\"ff-og-image-inserted\"><\/div>\n<h2 id=\"chapter-0\">UPDATE:<\/h2>\n<p id=\"p-0\">Garda de Coast\u0103 a anun\u021bat c\u0103 duminic\u0103, \u00een urma unui apel primit la 112, a fost identificat un aparat de zbor f\u0103r\u0103 pilot, \u00een zona dintre localit\u0103\u021bile Luncavi\u021ba \u0219i V\u0103c\u0103reni.<\/p>\n<p id=\"p-1\">Au fost de \u00eendat\u0103 informate autorit\u0103\u021bile competente, iar \u00een prezent se desf\u0103\u0219oar\u0103 activit\u0103\u021bile specifice \u00een astfel de situa\u021bii.<\/p>\n<p id=\"p-2\">\u201e\u00cen cauz\u0103 se efectueaz\u0103 cercet\u0103ri, \u00een cooperare cu celelalte autorit\u0103\u021bi cu atribu\u021bii \u00een domeniu, sub aspectul s\u0103v\u00e2r\u0219irii infrac\u021biunii prev\u0103zute de Legea nr. 21\/2020 privind Codul aerian, sub coordonarea procurorului de caz din cadrul Parchetului de pe l\u00e2ng\u0103 Curtea de Apel Constan\u021ba\u201d, transmite Garda de Coast\u0103.<\/p>\n<h2 id=\"chapter-1\">\u0218TIREA INI\u021aIAL\u0102:<\/h2>\n<p id=\"p-3\">MApN anun\u021b\u0103 c\u0103 a fost informat, \u00een cursul zilei de duminic\u0103, despre faptul c\u0103 \u00eentre localit\u0103\u021bile Luncavi\u021ba \u0219i V\u0103c\u0103reni, din jude\u021bul Tulcea, au fost g\u0103site fragmente de dron\u0103.<\/p>\n<p id=\"p-4\">Perimetrul a fost securizat de echipe ale Ministerului Afacerilor Interne.<\/p>\n<p id=\"p-5\">O echip\u0103 mixt\u0103 format\u0103 din speciali\u0219ti din Ministerul Ap\u0103r\u0103rii Na\u021bionale \u0219i Serviciul Rom\u00e2n de Informa\u021bii se deplaseaz\u0103 la fa\u021ba locului pentru a cerceta situa\u021bia \u0219i a ridica fragmentele \u00een vederea expertiz\u0103rii.<\/p>\n<p id=\"p-6\">Cazul a fost preluat de Parchetul de pe l\u00e2ng\u0103 Curtea de Apel Constan\u021ba.<\/p>\n","protected":false},"excerpt":{"rendered":"<p>UPDATE: Garda de Coast\u0103 a anun\u021bat c\u0103 duminic\u0103, \u00een urma unui apel primit la 112, a fost identificat un aparat de zbor f\u0103r\u0103 pilot, \u00een zona dintre localit\u0103\u021bile Luncavi\u021ba \u0219i &hellip; <a href=\"https:\/\/microscopemedia.com\/?p=689364\" class=\"more-link\">Read More<\/a><\/p>\n","protected":false},"author":1,"featured_media":689365,"comment_status":"closed","ping_status":"closed","sticky":false,"template":"Default","format":"standard","meta":[],"categories":[1],"tags":[],"_links":{"self":[{"href":"https:\/\/microscopemedia.com\/index.php?rest_route=\/wp\/v2\/posts\/689364"}],"collection":[{"href":"https:\/\/microscopemedia.com\/index.php?rest_route=\/wp\/v2\/posts"}],"about":[{"href":"https:\/\/microscopemedia.com\/index.php?rest_route=\/wp\/v2\/types\/post"}],"author":[{"embeddable":true,"href":"https:\/\/microscopemedia.com\/index.php?rest_route=\/wp\/v2\/users\/1"}],"replies":[{"embeddable":true,"href":"https:\/\/microscopemedia.com\/index.php?rest_route=%2Fwp%2Fv2%2Fcomments&post=689364"}],"version-history":[{"count":0,"href":"https:\/\/microscopemedia.com\/index.php?rest_route=\/wp\/v2\/posts\/689364\/revisions"}],"wp:featuredmedia":[{"embeddable":true,"href":"https:\/\/microscopemedia.com\/index.php?rest_route=\/wp\/v2\/media\/689365"}],"wp:attachment":[{"href":"https:\/\/microscopemedia.com\/index.php?rest_route=%2Fwp%2Fv2%2Fmedia&parent=689364"}],"wp:term":[{"taxonomy":"category","embeddable":true,"href":"https:\/\/microscopemedia.com\/index.php?rest_route=%2Fwp%2Fv2%2Fcategories&post=689364"},{"taxonomy":"post_tag","embeddable":true,"href":"https:\/\/microscopemedia.com\/index.php?rest_route=%2Fwp%2Fv2%2Ftags&post=689364"}],"curies":[{"name":"wp","href":"https:\/\/api.w.org\/{rel}","templated":true}]}}