{"id":689368,"date":"2026-04-26T11:26:04","date_gmt":"2026-04-26T11:26:04","guid":{"rendered":"https:\/\/microscopemedia.com\/?p=689368"},"modified":"2026-04-26T11:26:04","modified_gmt":"2026-04-26T11:26:04","slug":"presedintele-israelului-refuza-sa-l-ierte-pe-netanyahu-in-ciuda-presiunilor-externe","status":"publish","type":"post","link":"https:\/\/microscopemedia.com\/?p=689368","title":{"rendered":"Pre\u0219edintele Israelului refuz\u0103 s\u0103-l ierte pe Netanyahu, \u00een ciuda presiunilor externe"},"content":{"rendered":"<div><img decoding=\"async\" src=\"https:\/\/microscopemedia.com\/wp-content\/uploads\/2026\/04\/presedintele-israelului-refuza-sa-l-ierte-pe-netanyahu-in-ciuda-presiunilor-externe.jpg\" class=\"ff-og-image-inserted\"><\/div>\n<p id=\"p-0\">Pre\u0219edintele Israelului, Isaac Herzog, nu are \u00een plan s\u0103-l gra\u021bieze pe premierul Benjamin Netanyahu \u00een dosarul de corup\u021bie \u00een care este implicat, potrivit unei relat\u0103ri publicate de <a href=\"https:\/\/www.nytimes.com\/2026\/04\/26\/world\/middleeast\/israel-netanyahu-pardon-herzog\">The New York Times<\/a>, care citeaz\u0103 doi oficiali israelieni de rang \u00eenalt.<\/p>\n<p id=\"p-1\">Decizia vine \u00een contextul unor presiuni puternice din partea Statelor Unite pentru acordarea unei astfel de m\u0103suri. Cu toate acestea, una dintre surse sus\u021bine c\u0103 Herzog continu\u0103 s\u0103-l sprijine pe Netanyahu, consider\u00e2nd c\u0103 exist\u0103 \u0219i alte op\u021biuni care pot fi luate \u00een calcul.<\/p>\n<p id=\"p-2\">Potrivit acelora\u0219i informa\u021bii, pre\u0219edintele israelian, care \u00ee\u0219i concentreaz\u0103 mandatul pe promovarea unit\u0103\u021bii, ar prefera ini\u021bierea unui proces de mediere care s\u0103 duc\u0103 la o eventual\u0103 \u00een\u021belegere de recunoa\u0219tere a vinov\u0103\u021biei.<\/p>\n<h2 id=\"chapter-0\">Trump a f\u0103cut presiuni asupra lui Herzog<\/h2>\n<p id=\"p-3\">Pre\u0219edintele american a f\u0103cut presiuni puternice asupra lui Herzog pentru a acorda gra\u021bierea \u0219i a numit refuzul s\u0103u \u201eru\u0219inos\u201d \u0219i l-a catalogat drept \u201eun tip slab \u0219i jalnic\u201d pentru c\u0103 a refuzat.<\/p>\n<p id=\"p-4\">Israelul este profund divizat \u00een aceast\u0103 privin\u021b\u0103. Sondajele arat\u0103 c\u0103 aproximativ jum\u0103tate dintre israelieni se opun unei gra\u021bieri. Opiniile sunt \u00eemp\u0103r\u021bite, \u00een mare, pe criterii politice, conservatorii fiind mai favorabili premierului.<\/p>\n<p id=\"p-5\">Herzog este pe deplin con\u0219tient c\u0103 atmosfera din \u021bar\u0103 este tensionat\u0103, au declarat oficialii, din cauza r\u0103zboaielor din Gaza, Iran \u0219i Liban, dar \u0219i pentru c\u0103 alegerile na\u021bionale sunt programate \u00een urm\u0103toarele \u0219ase luni.<\/p>\n<p id=\"p-6\">De\u0219i rolul pre\u0219edintelui \u00een Israel este \u00een mare parte ceremonial, una dintre pu\u021binele sale atribu\u021bii este acordarea gra\u021bierilor. O decizie \u00eentr-un sens sau altul ar avea un impact major \u0219i ar defini at\u00e2t mo\u0219tenirea sa, c\u00e2t \u0219i pe cea a lui Netanyahu, precum \u0219i direc\u021bia viitoare a \u021b\u0103rii.<\/p>\n<p id=\"p-7\">Oficialii care au vorbit despre planurile lui Herzog au refuzat s\u0103 ofere detalii privind posibilele contururi ale unui acord, \u00een acest moment, \u00eenainte ca p\u0103r\u021bile s\u0103 accepte chiar \u0219i ideea medierii.<\/p>\n<p id=\"p-8\">Un acord de recunoa\u0219tere a vinov\u0103\u021biei implic\u0103, de regul\u0103, admiterea faptelor de c\u0103tre inculpat \u0219i aplicarea unei sanc\u021biuni. Exper\u021bi juridici israelieni au declarat c\u0103 un astfel de acord ar trebui condi\u021bionat de demisia lui Netanyahu din func\u021bia public\u0103. Netanyahu nu a ar\u0103tat p\u00e2n\u0103 acum nicio inten\u021bie de a recunoa\u0219te vreo fapt\u0103 sau de a se retrage din via\u021ba politic\u0103.<\/p>\n<p id=\"p-9\">\u201eNetanyahu \u0219tie c\u0103 op\u021biunea unui acord de recunoa\u0219tere a vinov\u0103\u021biei este mereu disponibil\u0103 pentru el. Admiterea vinov\u0103\u021biei, exprimarea regretului \u0219i acceptarea retragerii \u2013 sau a neparticip\u0103rii la viitoare alegeri \u2013 ar reprezenta esen\u021ba unui astfel de acord\u201d, a declarat Yohanan Plesner, pre\u0219edintele Institutului Israelian pentru Democra\u021bie, un centru independent de cercetare cu sediul la Ierusalim. \u201eDac\u0103 se renun\u021b\u0103 la o pedeaps\u0103 cu \u00eenchisoarea, acesta este minimul care ar trebui cerut.\u201d<\/p>\n","protected":false},"excerpt":{"rendered":"<p>Pre\u0219edintele Israelului, Isaac Herzog, nu are \u00een plan s\u0103-l gra\u021bieze pe premierul Benjamin Netanyahu \u00een dosarul de corup\u021bie \u00een care este implicat, potrivit unei relat\u0103ri publicate de The New York &hellip; <a href=\"https:\/\/microscopemedia.com\/?p=689368\" class=\"more-link\">Read More<\/a><\/p>\n","protected":false},"author":1,"featured_media":689369,"comment_status":"closed","ping_status":"closed","sticky":false,"template":"Default","format":"standard","meta":[],"categories":[1],"tags":[],"_links":{"self":[{"href":"https:\/\/microscopemedia.com\/index.php?rest_route=\/wp\/v2\/posts\/689368"}],"collection":[{"href":"https:\/\/microscopemedia.com\/index.php?rest_route=\/wp\/v2\/posts"}],"about":[{"href":"https:\/\/microscopemedia.com\/index.php?rest_route=\/wp\/v2\/types\/post"}],"author":[{"embeddable":true,"href":"https:\/\/microscopemedia.com\/index.php?rest_route=\/wp\/v2\/users\/1"}],"replies":[{"embeddable":true,"href":"https:\/\/microscopemedia.com\/index.php?rest_route=%2Fwp%2Fv2%2Fcomments&post=689368"}],"version-history":[{"count":0,"href":"https:\/\/microscopemedia.com\/index.php?rest_route=\/wp\/v2\/posts\/689368\/revisions"}],"wp:featuredmedia":[{"embeddable":true,"href":"https:\/\/microscopemedia.com\/index.php?rest_route=\/wp\/v2\/media\/689369"}],"wp:attachment":[{"href":"https:\/\/microscopemedia.com\/index.php?rest_route=%2Fwp%2Fv2%2Fmedia&parent=689368"}],"wp:term":[{"taxonomy":"category","embeddable":true,"href":"https:\/\/microscopemedia.com\/index.php?rest_route=%2Fwp%2Fv2%2Fcategories&post=689368"},{"taxonomy":"post_tag","embeddable":true,"href":"https:\/\/microscopemedia.com\/index.php?rest_route=%2Fwp%2Fv2%2Ftags&post=689368"}],"curies":[{"name":"wp","href":"https:\/\/api.w.org\/{rel}","templated":true}]}}