{"id":689372,"date":"2026-04-26T11:46:04","date_gmt":"2026-04-26T11:46:04","guid":{"rendered":"https:\/\/microscopemedia.com\/?p=689372"},"modified":"2026-04-26T11:46:04","modified_gmt":"2026-04-26T11:46:04","slug":"peter-magyar-merge-la-bruxelles-pentru-discutii-cu-ursula-von-der-leyen-privind-fondurile-europene","status":"publish","type":"post","link":"https:\/\/microscopemedia.com\/?p=689372","title":{"rendered":"Peter Magyar merge la Bruxelles pentru discu\u021bii cu Ursula von der Leyen privind fondurile europene"},"content":{"rendered":"<div><img decoding=\"async\" src=\"https:\/\/microscopemedia.com\/wp-content\/uploads\/2026\/04\/peter-magyar-merge-la-bruxelles-pentru-discutii-cu-ursula-von-der-leyen-privind-fondurile-europene.jpg\" class=\"ff-og-image-inserted\"><\/div>\n<p id=\"p-0\">\u201eNu este timp de pierdut\u201d, a spus Magyar, a c\u0103rui victorie zdrobitoare \u00een alegerile din 12 aprilie a pus cap\u0103t celor 16 ani de guvernare ai premierului Viktor Orb\u00e1n, relateaz\u0103 <a href=\"https:\/\/www.reuters.com\/world\/hungarys-magyar-meet-eus-von-der-leyen-talks-eu-funds-this-week-2026-04-26\/\" target=\"_blank\" rel=\"noopener\">Reuters<\/a>.<\/p>\n<p id=\"p-1\">Magyar a prezentat anterior patru domenii \u00een care guvernul s\u0103u ar putea ac\u021biona rapid pentru a nu pierde circa 10 miliarde de euro din fondurile europene de redresare, p\u00e2n\u0103 la termenul-limit\u0103 de la sf\u00e2r\u0219itul lunii august, inclusiv m\u0103suri \u00eempotriva corup\u021biei \u0219i pentru restabilirea libert\u0103\u021bii presei \u0219i a mediului academic.<\/p>\n<p id=\"p-2\">Dup\u0103 alegeri, el a declarat c\u0103 sper\u0103 s\u0103 se ajung\u0103 la un acord politic \u00een timpul primei sale vizite la Bruxelles.<\/p>\n<p id=\"p-3\">Orb\u00e1n, un aliat apropiat al pre\u0219edintelui american Donald Trump, s-a confruntat frecvent cu Uniunea European\u0103 pe teme legate de statul de drept \u0219i drepturile omului, ceea ce a dus la \u00eenghe\u021barea a miliarde de euro din fonduri.<\/p>\n<p id=\"p-4\">La alegerile din aprilie, partidul Tisza, condus de Magyar, a ob\u021binut o supermajoritate de dou\u0103 treimi \u00een Parlament, care \u00eei ofer\u0103 puterea de a modifica legile privind sistemul judiciar, achizi\u021biile publice \u0219i controlul asupra mass-media, aflate \u00een centrul disputelor dintre guvernul Orb\u00e1n \u0219i Bruxelles.<\/p>\n<p id=\"p-5\">Pie\u021bele financiare au reac\u021bionat pozitiv, iar moneda forint s-a apreciat dup\u0103 victoria lui Magyar, pe fondul speran\u021belor c\u0103 UE va debloca fondurile.<\/p>\n","protected":false},"excerpt":{"rendered":"<p>\u201eNu este timp de pierdut\u201d, a spus Magyar, a c\u0103rui victorie zdrobitoare \u00een alegerile din 12 aprilie a pus cap\u0103t celor 16 ani de guvernare ai premierului Viktor Orb\u00e1n, relateaz\u0103 &hellip; <a href=\"https:\/\/microscopemedia.com\/?p=689372\" class=\"more-link\">Read More<\/a><\/p>\n","protected":false},"author":1,"featured_media":689373,"comment_status":"closed","ping_status":"closed","sticky":false,"template":"Default","format":"standard","meta":[],"categories":[1],"tags":[],"_links":{"self":[{"href":"https:\/\/microscopemedia.com\/index.php?rest_route=\/wp\/v2\/posts\/689372"}],"collection":[{"href":"https:\/\/microscopemedia.com\/index.php?rest_route=\/wp\/v2\/posts"}],"about":[{"href":"https:\/\/microscopemedia.com\/index.php?rest_route=\/wp\/v2\/types\/post"}],"author":[{"embeddable":true,"href":"https:\/\/microscopemedia.com\/index.php?rest_route=\/wp\/v2\/users\/1"}],"replies":[{"embeddable":true,"href":"https:\/\/microscopemedia.com\/index.php?rest_route=%2Fwp%2Fv2%2Fcomments&post=689372"}],"version-history":[{"count":0,"href":"https:\/\/microscopemedia.com\/index.php?rest_route=\/wp\/v2\/posts\/689372\/revisions"}],"wp:featuredmedia":[{"embeddable":true,"href":"https:\/\/microscopemedia.com\/index.php?rest_route=\/wp\/v2\/media\/689373"}],"wp:attachment":[{"href":"https:\/\/microscopemedia.com\/index.php?rest_route=%2Fwp%2Fv2%2Fmedia&parent=689372"}],"wp:term":[{"taxonomy":"category","embeddable":true,"href":"https:\/\/microscopemedia.com\/index.php?rest_route=%2Fwp%2Fv2%2Fcategories&post=689372"},{"taxonomy":"post_tag","embeddable":true,"href":"https:\/\/microscopemedia.com\/index.php?rest_route=%2Fwp%2Fv2%2Ftags&post=689372"}],"curies":[{"name":"wp","href":"https:\/\/api.w.org\/{rel}","templated":true}]}}