{"id":689378,"date":"2026-04-26T12:16:04","date_gmt":"2026-04-26T12:16:04","guid":{"rendered":"https:\/\/microscopemedia.com\/?p=689378"},"modified":"2026-04-26T12:16:04","modified_gmt":"2026-04-26T12:16:04","slug":"tensiuni-diplomatice-intre-elvetia-si-italia-pe-tema-platii-tratamentului-victimelor-din-crans-montana","status":"publish","type":"post","link":"https:\/\/microscopemedia.com\/?p=689378","title":{"rendered":"Tensiuni diplomatice \u00eentre Elve\u021bia \u0219i Italia pe tema pl\u0103\u021bii tratamentului victimelor din Crans-Montana"},"content":{"rendered":"<div><img decoding=\"async\" src=\"https:\/\/microscopemedia.com\/wp-content\/uploads\/2026\/04\/tensiuni-diplomatice-intre-elvetia-si-italia-pe-tema-platii-tratamentului-victimelor-din-crans-montana.jpg\" class=\"ff-og-image-inserted\"><\/div>\n<p id=\"p-0\">Solicitarea de decontare amplific\u0103 tensiunile dintre cele dou\u0103 \u021b\u0103ri. Premierul Italiei, <a href=\"https:\/\/www.mediafax.ro\/externe\/italia-nu-va-plati-costurile-spitalizarii-celor-trei-cetateni-raniti-in-incendiul-din-crans-montana-23726219\">Giorgia Meloni<\/a>, a calificat vineri decizia drept \u201eru\u0219inoas\u0103\u201d, dup\u0103 ce au ap\u0103rut informa\u021bii c\u0103 familiile victimelor ar fi primit facturi.<\/p>\n<p id=\"p-1\">\u00centr-un comunicat transmis <a href=\"https:\/\/www.reuters.com\/business\/healthcare-pharmaceuticals\/switzerland-angers-italy-by-claiming-costs-treating-crans-montana-fire-victims-2026-04-26\/\" target=\"_blank\" rel=\"noopener\">Reuters<\/a> s\u00e2mb\u0103t\u0103 sear\u0103, Oficiul Federal pentru Asigur\u0103ri Sociale (FSIO) a confirmat c\u0103 Elve\u021bia inten\u021bioneaz\u0103 s\u0103 recupereze costurile tratamentelor spitalice\u0219ti, \u00eens\u0103 nu de la familiile victimelor.<\/p>\n<p id=\"p-2\">Institu\u021bia a explicat c\u0103, potrivit acordurilor dintre statele UE \u0219i Elve\u021bia, facturile vor fi trimise victimelor doar pentru verificare, iar plata va fi f\u0103cut\u0103 de \u201easigur\u0103torul de s\u0103n\u0103tate str\u0103in relevant\u201d.<\/p>\n<p id=\"p-3\">Un purt\u0103tor de cuv\u00e2nt a precizat ulterior c\u0103, \u00een cazul Italiei, costurile ar urma s\u0103 fie acoperite de Ministerul S\u0103n\u0103t\u0103\u021bii.<\/p>\n<p id=\"p-4\">Meloni a scris vineri sear\u0103 pe Facebook: \u201eDac\u0103 aceast\u0103 cerere ru\u0219inoas\u0103 va fi formulat\u0103 oficial, anun\u021b c\u0103 Italia o va respinge categoric \u0219i nu va da curs \u00een niciun fel\u201d.<\/p>\n<p id=\"p-5\">\u201eAm \u00eencredere \u00een sim\u021bul responsabilit\u0103\u021bii al autorit\u0103\u021bilor elve\u021biene \u0219i sper c\u0103 informa\u021biile se vor dovedi complet nefondate\u201d, a ad\u0103ugat ea.<\/p>\n<p id=\"p-6\">Elve\u021bia solicit\u0103 peste 100.000 de franci elve\u021bieni pentru tratamentul a patru cet\u0103\u021beni italieni, interna\u021bi o singur\u0103 zi la spitalul din Sion dup\u0103 incendiu, a declarat s\u00e2mb\u0103t\u0103 ambasadorul Italiei \u00een Elve\u021bia, Gian Lorenzo Cornado, citat de ANSA.<\/p>\n<p id=\"p-7\">Cornado a ad\u0103ugat c\u0103 pacien\u021bi elve\u021bieni r\u0103ni\u021bi \u00een incendiul din Crans-Montana au fost trata\u021bi luni de zile la spitalul Niguarda din Milano, \u00een nordul Italiei, \u0219i c\u0103 Italia a trimis un elicopter al protec\u021biei civile pentru a ajuta la opera\u021biunile de salvare, f\u0103r\u0103 a solicita bani.<\/p>\n","protected":false},"excerpt":{"rendered":"<p>Solicitarea de decontare amplific\u0103 tensiunile dintre cele dou\u0103 \u021b\u0103ri. Premierul Italiei, Giorgia Meloni, a calificat vineri decizia drept \u201eru\u0219inoas\u0103\u201d, dup\u0103 ce au ap\u0103rut informa\u021bii c\u0103 familiile victimelor ar fi primit &hellip; <a href=\"https:\/\/microscopemedia.com\/?p=689378\" class=\"more-link\">Read More<\/a><\/p>\n","protected":false},"author":1,"featured_media":689379,"comment_status":"closed","ping_status":"closed","sticky":false,"template":"Default","format":"standard","meta":[],"categories":[1],"tags":[],"_links":{"self":[{"href":"https:\/\/microscopemedia.com\/index.php?rest_route=\/wp\/v2\/posts\/689378"}],"collection":[{"href":"https:\/\/microscopemedia.com\/index.php?rest_route=\/wp\/v2\/posts"}],"about":[{"href":"https:\/\/microscopemedia.com\/index.php?rest_route=\/wp\/v2\/types\/post"}],"author":[{"embeddable":true,"href":"https:\/\/microscopemedia.com\/index.php?rest_route=\/wp\/v2\/users\/1"}],"replies":[{"embeddable":true,"href":"https:\/\/microscopemedia.com\/index.php?rest_route=%2Fwp%2Fv2%2Fcomments&post=689378"}],"version-history":[{"count":0,"href":"https:\/\/microscopemedia.com\/index.php?rest_route=\/wp\/v2\/posts\/689378\/revisions"}],"wp:featuredmedia":[{"embeddable":true,"href":"https:\/\/microscopemedia.com\/index.php?rest_route=\/wp\/v2\/media\/689379"}],"wp:attachment":[{"href":"https:\/\/microscopemedia.com\/index.php?rest_route=%2Fwp%2Fv2%2Fmedia&parent=689378"}],"wp:term":[{"taxonomy":"category","embeddable":true,"href":"https:\/\/microscopemedia.com\/index.php?rest_route=%2Fwp%2Fv2%2Fcategories&post=689378"},{"taxonomy":"post_tag","embeddable":true,"href":"https:\/\/microscopemedia.com\/index.php?rest_route=%2Fwp%2Fv2%2Ftags&post=689378"}],"curies":[{"name":"wp","href":"https:\/\/api.w.org\/{rel}","templated":true}]}}