{"id":689382,"date":"2026-04-26T12:36:03","date_gmt":"2026-04-26T12:36:03","guid":{"rendered":"https:\/\/microscopemedia.com\/?p=689382"},"modified":"2026-04-26T12:36:03","modified_gmt":"2026-04-26T12:36:03","slug":"timis-doi-barbati-arestati-pentru-trafic-de-droguri-in-valoare-de-zeci-de-mii-de-euro","status":"publish","type":"post","link":"https:\/\/microscopemedia.com\/?p=689382","title":{"rendered":"Timi\u0219: Doi b\u0103rba\u021bi aresta\u021bi pentru trafic de droguri \u00een valoare de zeci de mii de euro"},"content":{"rendered":"<p id=\"p-0\"><span>\u201eLa data de 24 aprilie 2026 (n.r. \u2013 vineri), procurorii Direc\u021biei de Investigare a Infrac\u021biunilor de Criminalitate Organizat\u0103 \u0219i Terorism-Serviciul Teritorial Timi\u0219oara au dispus re\u021binerea a dou\u0103 persoane (una dintre acestea recidivist\u0103) cercetate pentru trafic de droguri de risc\u201d, informeaz\u0103 IPJ Timi\u0219.&nbsp;<\/span><\/p>\n<div class=\"single__inline-gallery color-white mg-bottom-20 bg-black padding-5 md:rounded-10\">\n<div class=\"md:rounded-5 display-grid xs:grid-cols-2 grid-cols-3 gap-5\">\n<div class=\"single__inline-gallery-image relative column-span-2 row-span-2\">\n                <a href=\"https:\/\/www.mediafax.ro\/poze\/timis-doi-barbati-arestati-pentru-trafic-de-droguri-in-valoare-de-zeci-de-mii-de-euro-23726780\"><br \/>\n                    <img decoding=\"async\" loading=\"lazy\" src=\"https:\/\/microscopemedia.com\/wp-content\/uploads\/2026\/04\/timis-doi-barbati-arestati-pentru-trafic-de-droguri-in-valoare-de-zeci-de-mii-de-euro.jpg\" width=\"700\" height=\"450\"><br \/>\n                <\/a>\n                            <\/div>\n<div class=\"single__inline-gallery-image relative \">\n                <a href=\"https:\/\/www.mediafax.ro\/poze\/timis-doi-barbati-arestati-pentru-trafic-de-droguri-in-valoare-de-zeci-de-mii-de-euro-23726780\"><br \/>\n                    <img decoding=\"async\" loading=\"lazy\" src=\"https:\/\/microscopemedia.com\/wp-content\/uploads\/2026\/04\/timis-doi-barbati-arestati-pentru-trafic-de-droguri-in-valoare-de-zeci-de-mii-de-euro-1.jpg\" width=\"700\" height=\"450\"><br \/>\n                <\/a>\n                            <\/div>\n<\/p><\/div>\n<\/p><\/div>\n<p id=\"p-1\"><span>B\u0103rbatul de 47 de ani, un cet\u0103\u021bean rom\u00e2n stabilit \u00een Germania, ar fi procurat 13 kilograme de canabis pentru a le vinde \u00een Rom\u00e2nia. Acesta a intrat \u00een contact cu b\u0103rbatul de 50 de ani pentru stabilirea detaliilor tranzac\u021biei.&nbsp;<\/span><\/p>\n<p id=\"p-2\"><span>Tranzac\u021bia s-a realizat \u00een decursul zilelor de joi \u0219i vineri. \u201eLa datele de 23 \u0219i 24 aprilie 2026, cei doi b\u0103rba\u021bi ar fi realizat v\u00e2nzarea, respectiv achizi\u021bionarea celor 13 kilograme de drog de risc, pentru 30.000 de euro, din care b\u0103rbatul, de 47 de ani, ar fi achitat 20.000 de euro, proveni\u021bi din v\u00e2nzarea unei locuin\u021be\u201d, spun autorit\u0103\u021bile.&nbsp;<\/span><\/p>\n<p id=\"p-3\"><span>\u00cen urma tranzac\u021biei, b\u0103rbatul de 50 de ani a fost prins \u00een flagrant cu suma de bani asupra sa, ulterior fiind descoperite \u0219i ridicate cele 13 pungi ce con\u021bineau canabis, \u00een urma unor perchezi\u021bii \u00een Buzia\u0219.&nbsp;<\/span><\/p>\n<p id=\"p-4\"><span>Tribunalul Timi\u0219 a decis s\u00e2mb\u0103t\u0103 arestare preventiv\u0103 pentru 30 de zile a suspec\u021bilor.&nbsp;<\/span><\/p>\n","protected":false},"excerpt":{"rendered":"<p>\u201eLa data de 24 aprilie 2026 (n.r. \u2013 vineri), procurorii Direc\u021biei de Investigare a Infrac\u021biunilor de Criminalitate Organizat\u0103 \u0219i Terorism-Serviciul Teritorial Timi\u0219oara au dispus re\u021binerea a dou\u0103 persoane (una dintre &hellip; <a href=\"https:\/\/microscopemedia.com\/?p=689382\" class=\"more-link\">Read More<\/a><\/p>\n","protected":false},"author":1,"featured_media":689383,"comment_status":"closed","ping_status":"closed","sticky":false,"template":"Default","format":"standard","meta":[],"categories":[1],"tags":[],"_links":{"self":[{"href":"https:\/\/microscopemedia.com\/index.php?rest_route=\/wp\/v2\/posts\/689382"}],"collection":[{"href":"https:\/\/microscopemedia.com\/index.php?rest_route=\/wp\/v2\/posts"}],"about":[{"href":"https:\/\/microscopemedia.com\/index.php?rest_route=\/wp\/v2\/types\/post"}],"author":[{"embeddable":true,"href":"https:\/\/microscopemedia.com\/index.php?rest_route=\/wp\/v2\/users\/1"}],"replies":[{"embeddable":true,"href":"https:\/\/microscopemedia.com\/index.php?rest_route=%2Fwp%2Fv2%2Fcomments&post=689382"}],"version-history":[{"count":0,"href":"https:\/\/microscopemedia.com\/index.php?rest_route=\/wp\/v2\/posts\/689382\/revisions"}],"wp:featuredmedia":[{"embeddable":true,"href":"https:\/\/microscopemedia.com\/index.php?rest_route=\/wp\/v2\/media\/689383"}],"wp:attachment":[{"href":"https:\/\/microscopemedia.com\/index.php?rest_route=%2Fwp%2Fv2%2Fmedia&parent=689382"}],"wp:term":[{"taxonomy":"category","embeddable":true,"href":"https:\/\/microscopemedia.com\/index.php?rest_route=%2Fwp%2Fv2%2Fcategories&post=689382"},{"taxonomy":"post_tag","embeddable":true,"href":"https:\/\/microscopemedia.com\/index.php?rest_route=%2Fwp%2Fv2%2Ftags&post=689382"}],"curies":[{"name":"wp","href":"https:\/\/api.w.org\/{rel}","templated":true}]}}