{"id":689386,"date":"2026-04-26T13:16:04","date_gmt":"2026-04-26T13:16:04","guid":{"rendered":"https:\/\/microscopemedia.com\/?p=689386"},"modified":"2026-04-26T13:16:04","modified_gmt":"2026-04-26T13:16:04","slug":"nicusor-dan-mesaj-de-solidaritate-dupa-atacul-de-la-cina-corespondentilor-de-la-casa-alba-un-atac-nu-doar-asupra-presedintelui-trump-ci-asupra-democratiei","status":"publish","type":"post","link":"https:\/\/microscopemedia.com\/?p=689386","title":{"rendered":"Nicu\u0219or Dan, mesaj de solidaritate dup\u0103 atacul de la Cina Coresponden\u021bilor de la Casa Alb\u0103: Un atac nu doar asupra pre\u0219edintelui Trump, ci asupra democra\u021biei"},"content":{"rendered":"<div><img decoding=\"async\" src=\"https:\/\/microscopemedia.com\/wp-content\/uploads\/2026\/04\/nicusor-dan-mesaj-de-solidaritate-dupa-atacul-de-la-cina-corespondentilor-de-la-casa-alba-un-atac-nu-doar-asupra-presedintelui-trump-ci-asupra-democratiei.jpg\" class=\"ff-og-image-inserted\"><\/div>\n<p id=\"p-0\"><span>Pre\u0219edintele Rom\u00e2niei, Nicu\u0219or Dan, a condamnat ferm atacul armat care a avut loc \u00een timpul Cinei Coresponden\u021bilor, subliniind totodat\u0103 gravitatea unui astfel de atac.&nbsp;<\/span><\/p>\n<p id=\"p-1\"><span>\u201eRom\u00e2nia este ast\u0103zi ferm al\u0103turi de Statele Unite. Atacul oribil de la Cina Coresponden\u021bilor de la Casa Alb\u0103 este un asalt nu doar asupra pre\u0219edintelui Trump \u0219i a echipei sale, ci asupra democra\u021biei\u201d, se arat\u0103 \u00een mesajul publicat de Nicu\u0219or Dan pe platforma X.&nbsp;<\/span><\/p>\n<p id=\"p-2\"><span>Pre\u0219edintele a l\u0103udat interven\u021bia rapid\u0103 a for\u021belor de ordine \u00een urma incidentului \u0219i \u0219i-a exprimat u\u0219urarea privind siguran\u021ba pre\u0219edintelui Trump.&nbsp;<\/span><\/p>\n<p id=\"p-3\"><span>\u201eSuntem u\u0219ura\u021bi c\u0103 Pre\u0219edintele, Prima Doamn\u0103 \u0219i to\u021bi cei prezen\u021bi sunt \u00een siguran\u021b\u0103. Ac\u021biunea rapid\u0103 a ofi\u021berilor de aplicare a legii reflect\u0103 puterea institu\u021biilor americane\u201d, mai transmite \u0219eful de stat.&nbsp;<\/span><\/p>\n<p id=\"p-4\"><span>\u00cen final, Nicu\u0219or Dan a condamnat violen\u021ba politic\u0103 \u0219i a reiterat solidaritatea Rom\u00e2niei fa\u021b\u0103 de Statele Unite.&nbsp;<\/span><\/p>\n<p id=\"p-5\"><span>\u201eViolen\u021ba politic\u0103 nu \u00ee\u0219i are locul \u00een societ\u0103\u021bile noastre. Rom\u00e2nia, un aliat puternic \u00een cadrul NATO \u0219i un prieten al poporului american, \u00ee\u0219i transmite \u00eentreaga solidaritate\u201d, \u00eencheie liderul de la Bucure\u0219ti.&nbsp;<\/span><\/p>\n<p id=\"p-6\"><span>Mesajul pre\u0219edintelui vine ca urmare a <span><a href=\"https:\/\/www.mediafax.ro\/externe\/focuri-de-arma-la-casa-alba-chiar-inaintea-inceperii-cinei-corespondentilor-23726601\">atacului<\/a> <\/span>produs la Cina Coresponden\u021bilor de la Casa Alb\u0103.&nbsp;<\/span><\/p>\n","protected":false},"excerpt":{"rendered":"<p>Pre\u0219edintele Rom\u00e2niei, Nicu\u0219or Dan, a condamnat ferm atacul armat care a avut loc \u00een timpul Cinei Coresponden\u021bilor, subliniind totodat\u0103 gravitatea unui astfel de atac.&nbsp; \u201eRom\u00e2nia este ast\u0103zi ferm al\u0103turi de &hellip; <a href=\"https:\/\/microscopemedia.com\/?p=689386\" class=\"more-link\">Read More<\/a><\/p>\n","protected":false},"author":1,"featured_media":689387,"comment_status":"closed","ping_status":"closed","sticky":false,"template":"Default","format":"standard","meta":[],"categories":[1],"tags":[],"_links":{"self":[{"href":"https:\/\/microscopemedia.com\/index.php?rest_route=\/wp\/v2\/posts\/689386"}],"collection":[{"href":"https:\/\/microscopemedia.com\/index.php?rest_route=\/wp\/v2\/posts"}],"about":[{"href":"https:\/\/microscopemedia.com\/index.php?rest_route=\/wp\/v2\/types\/post"}],"author":[{"embeddable":true,"href":"https:\/\/microscopemedia.com\/index.php?rest_route=\/wp\/v2\/users\/1"}],"replies":[{"embeddable":true,"href":"https:\/\/microscopemedia.com\/index.php?rest_route=%2Fwp%2Fv2%2Fcomments&post=689386"}],"version-history":[{"count":0,"href":"https:\/\/microscopemedia.com\/index.php?rest_route=\/wp\/v2\/posts\/689386\/revisions"}],"wp:featuredmedia":[{"embeddable":true,"href":"https:\/\/microscopemedia.com\/index.php?rest_route=\/wp\/v2\/media\/689387"}],"wp:attachment":[{"href":"https:\/\/microscopemedia.com\/index.php?rest_route=%2Fwp%2Fv2%2Fmedia&parent=689386"}],"wp:term":[{"taxonomy":"category","embeddable":true,"href":"https:\/\/microscopemedia.com\/index.php?rest_route=%2Fwp%2Fv2%2Fcategories&post=689386"},{"taxonomy":"post_tag","embeddable":true,"href":"https:\/\/microscopemedia.com\/index.php?rest_route=%2Fwp%2Fv2%2Ftags&post=689386"}],"curies":[{"name":"wp","href":"https:\/\/api.w.org\/{rel}","templated":true}]}}