{"id":689390,"date":"2026-04-26T13:56:04","date_gmt":"2026-04-26T13:56:04","guid":{"rendered":"https:\/\/microscopemedia.com\/?p=689390"},"modified":"2026-04-26T13:56:04","modified_gmt":"2026-04-26T13:56:04","slug":"la-damasc-incepe-primul-proces-public-din-siria-impotriva-unor-oficiali-din-perioada-fostului-regim-assad","status":"publish","type":"post","link":"https:\/\/microscopemedia.com\/?p=689390","title":{"rendered":"La Damasc \u00eencepe primul proces public din Siria \u00eempotriva unor oficiali din perioada fostului regim Assad"},"content":{"rendered":"<div><img decoding=\"async\" src=\"https:\/\/microscopemedia.com\/wp-content\/uploads\/2026\/04\/la-damasc-incepe-primul-proces-public-din-siria-impotriva-unor-oficiali-din-perioada-fostului-regim-assad.png\" class=\"ff-og-image-inserted\"><\/div>\n<p id=\"p-0\">Atef Najib, un fost general de brigad\u0103 al armatei siriene care a condus Direc\u021bia de Securitate Politic\u0103 din provincia Daraa, din sudul Siriei, \u00een timpul regimului Assad \u0219i care este, de asemenea, v\u0103rul fostului pre\u0219edinte, a ap\u0103rut \u00een fa\u021ba instan\u021bei pentru a r\u0103spunde acuza\u021biilor legate de \u201ecrime \u00eempotriva poporului sirian\u201d, potrivit agen\u021biei de \u0219tiri de stat sirian\u0103 SANA, citat\u0103 de <a href=\"https:\/\/apnews.com\/article\/syria-trial-transitional-justice-assad-atef-najib-aff2f6c36a44d85006be6a15a4d6447f\" target=\"_blank\" rel=\"noopener\">Associated Press.&nbsp;<\/a><\/p>\n<p id=\"p-1\">Najib a fost singurul dintre acuza\u021bi care a fost arestat \u0219i a fost prezent \u00een persoan\u0103 la tribunal, duminic\u0103, pentru o \u0219edin\u021b\u0103 preg\u0103titoare a procesului, care va continua luna viitoare. Mul\u021bimi de oameni s-au adunat \u00een fa\u021ba tribunalului pentru a s\u0103rb\u0103tori.<\/p>\n<p id=\"p-2\">Najib a ocupat func\u021bia \u00een 2011, c\u00e2nd ni\u0219te adolescen\u021bi care au scris graffiti antiguvernamentale pe zidul unei \u0219coli din Daraa au fost aresta\u021bi \u0219i tortura\u021bi. Cazul a devenit \u201eun catalizator\u201d pentru protestele \u00een mas\u0103 \u00eempotriva politicilor represive ale for\u021belor de securitate ale guvernului lui Assad.<\/p>\n<blockquote class=\"twitter-tweet\" data-media-max-width=\"560\" readability=\"6.9545454545455\">\n<p dir=\"ltr\" lang=\"fr\" id=\"p-3\">\ud83d\udea8\ud83c\uddf8\ud83c\uddfe<br \/>Le Moment o\u00f9 le criminel Atif Najib entre dans la salle d\u2019audience. <a href=\"https:\/\/t.co\/yB1mkOjdbC\">pic.twitter.com\/yB1mkOjdbC<\/a><\/p>\n<p id=\"p-4\">\u2014 \ud835\udc12\ud835\udc32\ud835\udc2b\ud835\udc22\ud835\udc1a\ud835\udc27\ud835\udc28. (@syrien_1libre) <a href=\"https:\/\/twitter.com\/syrien_1libre\/status\/2048336549490614760?ref_src=twsrc%5Etfw\">April 26, 2026<\/a><\/p>\n<\/blockquote>\n<h2 id=\"chapter-0\">Represiune brutal\u0103 a protestelor<\/h2>\n<p id=\"p-6\">La acea vreme, protestele au avut parte de o represiune brutal\u0103 din partea guvernului \u0219i au degenerat \u00eentr-un r\u0103zboi civil care a durat 14 ani \u0219i care s-a \u00eencheiat cu \u00eenl\u0103turarea lui Assad de la putere \u00een decembrie 2024, \u00een urma unei ofensive fulger\u0103toare a rebelilor. Atunci, Assad a fugit \u00een Rusia, \u00een timp ce majoritatea membrilor cercului s\u0103u restr\u00e2ns au p\u0103r\u0103sit \u0219i ei Siria.<\/p>\n<p id=\"p-7\">Assad \u00eensu\u0219i \u0219i fratele s\u0103u, Maher, fost comandant al Diviziei a 4-a Blindate a armatei siriene \u2014 pe care activi\u0219tii opozi\u021biei siriene l-au acuzat de ucideri, tortur\u0103, extorcare \u0219i trafic de droguri, pe l\u00e2ng\u0103 faptul c\u0103 administra propriile centre de deten\u021bie. Cei doi au fost acuza\u021bi \u00een lips\u0103, al\u0103turi de o serie&nbsp; de al\u021bi fo\u0219ti oficiali de rang \u00eenalt din domeniul Securit\u0103\u021bii.<\/p>\n<h2 id=\"chapter-1\">Un fost ofi\u021ber de informa\u021bii a fost arestat<\/h2>\n<p id=\"p-8\">Vineri, autorit\u0103\u021bile siriene l-au arestat pe Amjad Yousef, un fost ofi\u021ber de informa\u021bii care a ap\u0103rut \u00eentr-un videoclip care a fost f\u0103cut public \u00een urm\u0103 cu patru ani, care se presupune c\u0103 \u00eel ar\u0103ta pe el \u0219i pe camarazii s\u0103i execut\u00e2nd zeci de prizonieri lega\u021bi la ochi \u0219i \u00eenc\u0103tu\u0219a\u021bi \u00een suburbia Tadamon din Damasc, \u00een timpul r\u0103zboiului civil din \u021bar\u0103.<\/p>\n<p id=\"p-9\">Guvernul pre\u0219edintelui interimar Ahmad al-Sharaa a fost criticat pentru \u00eent\u00e2rzierile \u00eenregistrate \u00een demararea procesului de justi\u021bie tranzi\u021bional\u0103 promis. Siria se str\u0103duie\u0219te s\u0103 se refac\u0103 dup\u0103 14 ani de r\u0103zboi civil care s-au soldat cu aproximativ jum\u0103tate de milion de mor\u021bi, alte milioane de persoane str\u0103mutate \u0219i o \u021bar\u0103 devastat\u0103 \u0219i divizat\u0103.<\/p>\n<p id=\"p-10\">Autorit\u0103\u021bile par acum s\u0103 ac\u021bioneze mai agresiv pentru a-i urm\u0103ri penal pe oficialii lega\u021bi de Assad.<\/p>\n","protected":false},"excerpt":{"rendered":"<p>Atef Najib, un fost general de brigad\u0103 al armatei siriene care a condus Direc\u021bia de Securitate Politic\u0103 din provincia Daraa, din sudul Siriei, \u00een timpul regimului Assad \u0219i care este, &hellip; <a href=\"https:\/\/microscopemedia.com\/?p=689390\" class=\"more-link\">Read More<\/a><\/p>\n","protected":false},"author":1,"featured_media":689391,"comment_status":"closed","ping_status":"closed","sticky":false,"template":"Default","format":"standard","meta":[],"categories":[1],"tags":[],"_links":{"self":[{"href":"https:\/\/microscopemedia.com\/index.php?rest_route=\/wp\/v2\/posts\/689390"}],"collection":[{"href":"https:\/\/microscopemedia.com\/index.php?rest_route=\/wp\/v2\/posts"}],"about":[{"href":"https:\/\/microscopemedia.com\/index.php?rest_route=\/wp\/v2\/types\/post"}],"author":[{"embeddable":true,"href":"https:\/\/microscopemedia.com\/index.php?rest_route=\/wp\/v2\/users\/1"}],"replies":[{"embeddable":true,"href":"https:\/\/microscopemedia.com\/index.php?rest_route=%2Fwp%2Fv2%2Fcomments&post=689390"}],"version-history":[{"count":0,"href":"https:\/\/microscopemedia.com\/index.php?rest_route=\/wp\/v2\/posts\/689390\/revisions"}],"wp:featuredmedia":[{"embeddable":true,"href":"https:\/\/microscopemedia.com\/index.php?rest_route=\/wp\/v2\/media\/689391"}],"wp:attachment":[{"href":"https:\/\/microscopemedia.com\/index.php?rest_route=%2Fwp%2Fv2%2Fmedia&parent=689390"}],"wp:term":[{"taxonomy":"category","embeddable":true,"href":"https:\/\/microscopemedia.com\/index.php?rest_route=%2Fwp%2Fv2%2Fcategories&post=689390"},{"taxonomy":"post_tag","embeddable":true,"href":"https:\/\/microscopemedia.com\/index.php?rest_route=%2Fwp%2Fv2%2Ftags&post=689390"}],"curies":[{"name":"wp","href":"https:\/\/api.w.org\/{rel}","templated":true}]}}