{"id":689396,"date":"2026-04-26T14:36:03","date_gmt":"2026-04-26T14:36:03","guid":{"rendered":"https:\/\/microscopemedia.com\/?p=689396"},"modified":"2026-04-26T14:36:03","modified_gmt":"2026-04-26T14:36:03","slug":"incendiu-de-vegetatie-intetit-in-judetul-hunedoara-din-cauza-vantului-puternic-pompierii-intervin","status":"publish","type":"post","link":"https:\/\/microscopemedia.com\/?p=689396","title":{"rendered":"Incendiu de vegeta\u021bie, \u00eente\u021bit \u00een jude\u021bul Hunedoara din cauza v\u00e2ntului puternic. Pompierii intervin"},"content":{"rendered":"<p id=\"p-0\">ISU Hunedoara a activat Grupa Operativ\u0103. Pentru stingerea incendiului intervin&nbsp;&nbsp;25 de pompieri militari, dar \u0219i 7 lucr\u0103tori ai ocoalelor silvice din zon\u0103, precum \u0219i un salvator montan din cadrul SALVAMONT Hunedoara.<\/p>\n<div class=\"single__inline-gallery color-white mg-bottom-20 bg-black padding-5 md:rounded-10\">\n<div class=\"md:rounded-5 display-grid xs:grid-cols-2 grid-cols-3 gap-5\">\n<div class=\"single__inline-gallery-image relative column-span-2 row-span-2\">\n                <a href=\"https:\/\/www.mediafax.ro\/poze\/incendiu-de-vegetatie-intetit-in-judetul-hunedoara-din-cauza-vantului-puternic-pompierii-intervin-23726815\"><br \/>\n                    <img decoding=\"async\" loading=\"lazy\" src=\"https:\/\/microscopemedia.com\/wp-content\/uploads\/2026\/04\/incendiu-de-vegetatie-intetit-in-judetul-hunedoara-din-cauza-vantului-puternic-pompierii-intervin.jpg\" width=\"700\" height=\"450\"><br \/>\n                <\/a>\n                            <\/div>\n<div class=\"single__inline-gallery-image relative \">\n                <a href=\"https:\/\/www.mediafax.ro\/poze\/incendiu-de-vegetatie-intetit-in-judetul-hunedoara-din-cauza-vantului-puternic-pompierii-intervin-23726815\"><br \/>\n                    <img decoding=\"async\" loading=\"lazy\" src=\"https:\/\/microscopemedia.com\/wp-content\/uploads\/2026\/04\/incendiu-de-vegetatie-intetit-in-judetul-hunedoara-din-cauza-vantului-puternic-pompierii-intervin-1.jpg\" width=\"700\" height=\"450\"><br \/>\n                <\/a>\n                            <\/div>\n<\/p><\/div>\n<\/p><\/div>\n<p id=\"p-1\">Potrivit pompierilor, misiunea este una \u201efoarte dificil\u0103\u201d din cauza v\u00e2ntului puternic. La fa\u021ba locului au fost trimise cinci autospeciale de interven\u021bie \u0219i comand\u0103, iar ulterior for\u021bele au fost suplimentate cu \u00eenc\u0103 o autospecial\u0103 de stingere de mare capacitate, de la&nbsp;Deta\u0219amentul Deva.<\/p>\n<p id=\"p-2\">Pompierii spun c\u0103 rafalele de v\u00e2nt \u2013 care potrivit meteorologilor, ajung p\u00e2n\u0103 la viteze de p\u00e2n\u0103 la 90 km\/h, \u00een zonele de deal \u0219i munte \u2013 pot avea ca efect extinderea focului la fondul forestier. A\u0219adar, pompierii \u00eencearc\u0103 s\u0103 opreasc\u0103 extinderea focului.<\/p>\n<p id=\"p-3\">P\u00e2n\u0103 la aceast\u0103 or\u0103, 20 de hectare de teren au ars. Dintre acestea, pompierii intervin, la momentul transmiterii \u0219tirii, pe o suprafa\u021b\u0103 de 5 hectare, pentru a lichida fl\u0103c\u0103rile care continu\u0103 s\u0103 ard\u0103 \u00een acest perimetru.<\/p>\n<p id=\"p-4\">Potrivit pompierilor, misiunea este \u00een dinamic\u0103, mai ales c\u0103 v\u00e2ntul \u00eencepe s\u0103 bat\u0103 tot mai tare. \u201eInterven\u021bia este \u00een desf\u0103\u0219urare\u201d, au transmis pompierii ISU Hunedoara.<\/p>\n<p id=\"p-5\">Meteorologii au emis 2 avertiz\u0103ri meteo, una de Cod Galben \u0219i una de Cod Portocaliu, valabile de duminic\u0103 diminea\u021ba \u0219i p\u00e2n\u0103 luni diminea\u021ba, \u00een jude\u021bul Hunedoara, unde se semnaleaz\u0103 intensific\u0103ri ale v\u00e2ntului.<\/p>\n<h2 id=\"chapter-0\">V\u00e2ntul face ravagii \u00een Hunedoara<\/h2>\n<p id=\"p-6\">Din cauza v\u00e2ntului puternic, elemente de construc\u021bie de pe acoperi\u0219 s-au desprins \u00een Deva, iar un copac a c\u0103zut pe calea ferat\u0103, rup\u00e2nd liniile de \u00eenalt\u0103 tensiune dintre Crivadia \u0219i Meri\u0219or. Pompierii hunedoreni au intervenit \u00een ambele cazuri.<\/p>\n<p id=\"p-7\">Din cauza copacului c\u0103zut pe liniile de \u00eenalt\u0103 tensiune ale c\u0103ii ferate, un&nbsp;tren de c\u0103l\u0103tori sta\u021bioneaz\u0103 \u00een gara Baru, p\u00e2n\u0103 la remedierea situa\u021biei \u0219i reluarea circula\u021biei feroviare, la interven\u021bie fiind prezente 2 echipaje de pompieri din Petro\u0219ani. C\u0103l\u0103torii afla\u021bi \u00een tren nu au nevoie de \u00eengrijiri medicale.<\/p>\n","protected":false},"excerpt":{"rendered":"<p>ISU Hunedoara a activat Grupa Operativ\u0103. Pentru stingerea incendiului intervin&nbsp;&nbsp;25 de pompieri militari, dar \u0219i 7 lucr\u0103tori ai ocoalelor silvice din zon\u0103, precum \u0219i un salvator montan din cadrul SALVAMONT &hellip; <a href=\"https:\/\/microscopemedia.com\/?p=689396\" class=\"more-link\">Read More<\/a><\/p>\n","protected":false},"author":1,"featured_media":689397,"comment_status":"closed","ping_status":"closed","sticky":false,"template":"Default","format":"standard","meta":[],"categories":[1],"tags":[],"_links":{"self":[{"href":"https:\/\/microscopemedia.com\/index.php?rest_route=\/wp\/v2\/posts\/689396"}],"collection":[{"href":"https:\/\/microscopemedia.com\/index.php?rest_route=\/wp\/v2\/posts"}],"about":[{"href":"https:\/\/microscopemedia.com\/index.php?rest_route=\/wp\/v2\/types\/post"}],"author":[{"embeddable":true,"href":"https:\/\/microscopemedia.com\/index.php?rest_route=\/wp\/v2\/users\/1"}],"replies":[{"embeddable":true,"href":"https:\/\/microscopemedia.com\/index.php?rest_route=%2Fwp%2Fv2%2Fcomments&post=689396"}],"version-history":[{"count":0,"href":"https:\/\/microscopemedia.com\/index.php?rest_route=\/wp\/v2\/posts\/689396\/revisions"}],"wp:featuredmedia":[{"embeddable":true,"href":"https:\/\/microscopemedia.com\/index.php?rest_route=\/wp\/v2\/media\/689397"}],"wp:attachment":[{"href":"https:\/\/microscopemedia.com\/index.php?rest_route=%2Fwp%2Fv2%2Fmedia&parent=689396"}],"wp:term":[{"taxonomy":"category","embeddable":true,"href":"https:\/\/microscopemedia.com\/index.php?rest_route=%2Fwp%2Fv2%2Fcategories&post=689396"},{"taxonomy":"post_tag","embeddable":true,"href":"https:\/\/microscopemedia.com\/index.php?rest_route=%2Fwp%2Fv2%2Ftags&post=689396"}],"curies":[{"name":"wp","href":"https:\/\/api.w.org\/{rel}","templated":true}]}}