{"id":689398,"date":"2026-04-26T14:47:05","date_gmt":"2026-04-26T14:47:05","guid":{"rendered":"https:\/\/microscopemedia.com\/?p=689398"},"modified":"2026-04-26T14:47:05","modified_gmt":"2026-04-26T14:47:05","slug":"suspectul-atacului-de-la-cina-corespondentilor-de-la-casa-alba-ar-fi-vizat-membri-ai-administratiei-trump-sustine-procurorul-general-interimar","status":"publish","type":"post","link":"https:\/\/microscopemedia.com\/?p=689398","title":{"rendered":"Suspectul atacului de la Cina Coresponden\u021bilor de la Casa Alb\u0103 ar fi vizat membri ai administra\u021biei Trump, sus\u021bine procurorul general interimar"},"content":{"rendered":"<div><img decoding=\"async\" src=\"https:\/\/microscopemedia.com\/wp-content\/uploads\/2026\/04\/suspectul-atacului-de-la-cina-corespondentilor-de-la-casa-alba-ar-fi-vizat-membri-ai-administratiei-trump-sustine-procurorul-general-interimar.jpg\" class=\"ff-og-image-inserted\"><\/div>\n<p id=\"p-0\"><span>\u201e\u00cenc\u0103 \u00eencerc\u0103m s\u0103 g\u0103sim, un motiv. Din ancheta noastr\u0103 preliminar\u0103, se pare c\u0103 suspectul viza membri ai administra\u021biei\u201d, a declarat vineri \u0219eful interimar al Departamentului de Justi\u021bie, noteaz\u0103 <span><a href=\"https:\/\/edition.cnn.com\/2026\/04\/25\/politics\/live-news\/trump-white-house-correspondents-dinner?t=1777209436116\">CNN<\/a><\/span>.&nbsp;<\/span><\/p>\n<p id=\"p-1\"><span>Blanche a mai spus c\u0103 nu exist\u0103, deocamdat\u0103, informa\u021bii concrete despre eventuale \u021binte specifice din cadrul administra\u021biei, \u00eens\u0103 indiciile sugereaz\u0103 c\u0103 acesta era obiectivul suspectului.&nbsp;<\/span><\/p>\n<p id=\"p-2\"><span>\u201eDin c\u00e2te \u0219tim de pe camerele de supraveghere \u0219i de la martorii prezen\u021bi, (el) abia a trecut de perimetru. A fost imediat imobilizat \u0219i, da, a tras c\u00e2teva focuri de arm\u0103\u201d, mai spune procurorul general interimar.&nbsp;<\/span><\/p>\n<p id=\"p-3\"><span>autorit\u0103\u021bile au efectuat mai multe perchezi\u021bii pe parcursul nop\u021bii, inclusiv asupra dispozitivelor electronice ale suspectului, \u0219i au audiat persoane din anturajul acestuia.&nbsp;<\/span><\/p>\n<p id=\"p-4\"><span>Blanche a anun\u021bat c\u0103 suspectul urmeaz\u0103 s\u0103 fie pus sub acuzare \u00een instan\u021b\u0103 federal\u0103, fiind vizat ini\u021bial de dou\u0103 capete de acuzare, cu posibilitatea extinderii acestora pe m\u0103sur\u0103 ce ancheta avanseaz\u0103.&nbsp;<\/span><\/p>\n<p id=\"p-5\"><span>S\u00e2mb\u0103t\u0103, un b\u0103rbat a \u00eencercat s\u0103 for\u021beze intrarea \u00een incinta locului \u00een care avea loc Cina Corresponden\u021bilor de la Casa Alb\u0103 la care participa \u0219i pre\u0219edintele Trump. Suspectul ar fi deschis focul \u0219i ar fi r\u0103nit un agent al Serviciului Secret.&nbsp;<\/span><\/p>\n","protected":false},"excerpt":{"rendered":"<p>\u201e\u00cenc\u0103 \u00eencerc\u0103m s\u0103 g\u0103sim, un motiv. Din ancheta noastr\u0103 preliminar\u0103, se pare c\u0103 suspectul viza membri ai administra\u021biei\u201d, a declarat vineri \u0219eful interimar al Departamentului de Justi\u021bie, noteaz\u0103 CNN.&nbsp; Blanche &hellip; <a href=\"https:\/\/microscopemedia.com\/?p=689398\" class=\"more-link\">Read More<\/a><\/p>\n","protected":false},"author":1,"featured_media":689399,"comment_status":"closed","ping_status":"closed","sticky":false,"template":"Default","format":"standard","meta":[],"categories":[1],"tags":[],"_links":{"self":[{"href":"https:\/\/microscopemedia.com\/index.php?rest_route=\/wp\/v2\/posts\/689398"}],"collection":[{"href":"https:\/\/microscopemedia.com\/index.php?rest_route=\/wp\/v2\/posts"}],"about":[{"href":"https:\/\/microscopemedia.com\/index.php?rest_route=\/wp\/v2\/types\/post"}],"author":[{"embeddable":true,"href":"https:\/\/microscopemedia.com\/index.php?rest_route=\/wp\/v2\/users\/1"}],"replies":[{"embeddable":true,"href":"https:\/\/microscopemedia.com\/index.php?rest_route=%2Fwp%2Fv2%2Fcomments&post=689398"}],"version-history":[{"count":0,"href":"https:\/\/microscopemedia.com\/index.php?rest_route=\/wp\/v2\/posts\/689398\/revisions"}],"wp:featuredmedia":[{"embeddable":true,"href":"https:\/\/microscopemedia.com\/index.php?rest_route=\/wp\/v2\/media\/689399"}],"wp:attachment":[{"href":"https:\/\/microscopemedia.com\/index.php?rest_route=%2Fwp%2Fv2%2Fmedia&parent=689398"}],"wp:term":[{"taxonomy":"category","embeddable":true,"href":"https:\/\/microscopemedia.com\/index.php?rest_route=%2Fwp%2Fv2%2Fcategories&post=689398"},{"taxonomy":"post_tag","embeddable":true,"href":"https:\/\/microscopemedia.com\/index.php?rest_route=%2Fwp%2Fv2%2Ftags&post=689398"}],"curies":[{"name":"wp","href":"https:\/\/api.w.org\/{rel}","templated":true}]}}