{"id":689410,"date":"2026-04-26T16:37:03","date_gmt":"2026-04-26T16:37:03","guid":{"rendered":"https:\/\/microscopemedia.com\/?p=689410"},"modified":"2026-04-26T16:37:03","modified_gmt":"2026-04-26T16:37:03","slug":"doi-fosti-premieri-israelieni-formeaza-o-coalitie-anti-netanyahu","status":"publish","type":"post","link":"https:\/\/microscopemedia.com\/?p=689410","title":{"rendered":"Doi fo\u0219ti premieri israelieni formeaz\u0103 o coali\u021bie anti-Netanyahu"},"content":{"rendered":"<div><img decoding=\"async\" src=\"https:\/\/microscopemedia.com\/wp-content\/uploads\/2026\/04\/doi-fosti-premieri-israelieni-formeaza-o-coalitie-anti-netanyahu.jpg\" class=\"ff-og-image-inserted\"><\/div>\n<p id=\"p-0\"><span>Fo\u0219tii prim-mini\u0219tri, Naftali Bennett \u0219i Yair Lapid au anun\u021bat duminic\u0103 fuziunea partidelor lor, Benent 2026 \u0219i Exist\u0103 Viitor. Noua coali\u021bie poart\u0103 numele \u00cempreun\u0103&nbsp; \u0219i va fi condus\u0103 de Bennett.&nbsp;<\/span><\/p>\n<p id=\"p-1\"><span>\u201eAceast\u0103 mi\u0219care are scopul de a uni blocul, de a pune cap\u0103t diviziunilor interne \u0219i de a concentra toate eforturile asupra c\u00e2\u0219tig\u0103rii alegerilor decisive care urmeaz\u0103 \u0219i conducerii Israelului spre viitor\u201d, anun\u021b\u0103 Yair Lapid, citat de <span><a href=\"https:\/\/www.reuters.com\/world\/middle-east\/netanyahus-biggest-rivals-join-forces-israels-next-election-2026-04-26\/\">Reuters<\/a><\/span>.&nbsp;<\/span><\/p>\n<p id=\"p-2\"><span>Cei doi politicieni au mai colaborat \u00een trecut. \u00cen 2021 l-au \u00eendep\u0103rtat pe Netanyahu de la putere, \u00eenchid astfel o perioad\u0103 de 12 ani \u00een care a de\u021binut func\u021bia de prim-ministru. Coali\u021bia respectiv\u0103 a rezistat doar 18 luni.&nbsp;<\/span><\/p>\n<p id=\"p-3\"><span>Benjamin Netanyahu a revenit la putere \u00een 2022, form\u00e2nd cea mai de dreapta coali\u021bie din istoria Israelului, \u00eens\u0103 conflictele \u00eencepute \u00eenc\u0103 din 2023 au afectat semnificativ percep\u021bia public\u0103 asupra capacit\u0103\u021bii sale de a gestiona securitatea na\u021bional\u0103.&nbsp;&nbsp;<\/span><\/p>\n<p id=\"p-4\"><span>Potrivit sondajelor de opinie, partidului lui Netanyahu ar ob\u021bine aproximativ 25 de mandate \u00een Knesset, \u00een timp ce forma\u021biunea condus\u0103 de Bennett ar putea c\u00e2\u0219tiga \u00een jur de 21 de locuri, iar partidului lui Lapid ar ob\u021bine doar \u0219apte mandate, o sc\u0103dere de la cele 24 din actualul legislativ.&nbsp;<\/span><\/p>\n<p id=\"p-5\"><span>Cu toate acestea sondajele indic\u0103 totu\u0219i c\u0103 noul conglomerat politic ar putea guverna Israelul prin formarea unei coali\u021bii mai largi cu forma\u021biuni mai mici.<\/span><\/p>\n","protected":false},"excerpt":{"rendered":"<p>Fo\u0219tii prim-mini\u0219tri, Naftali Bennett \u0219i Yair Lapid au anun\u021bat duminic\u0103 fuziunea partidelor lor, Benent 2026 \u0219i Exist\u0103 Viitor. Noua coali\u021bie poart\u0103 numele \u00cempreun\u0103&nbsp; \u0219i va fi condus\u0103 de Bennett.&nbsp; \u201eAceast\u0103 &hellip; <a href=\"https:\/\/microscopemedia.com\/?p=689410\" class=\"more-link\">Read More<\/a><\/p>\n","protected":false},"author":1,"featured_media":689411,"comment_status":"closed","ping_status":"closed","sticky":false,"template":"Default","format":"standard","meta":[],"categories":[1],"tags":[],"_links":{"self":[{"href":"https:\/\/microscopemedia.com\/index.php?rest_route=\/wp\/v2\/posts\/689410"}],"collection":[{"href":"https:\/\/microscopemedia.com\/index.php?rest_route=\/wp\/v2\/posts"}],"about":[{"href":"https:\/\/microscopemedia.com\/index.php?rest_route=\/wp\/v2\/types\/post"}],"author":[{"embeddable":true,"href":"https:\/\/microscopemedia.com\/index.php?rest_route=\/wp\/v2\/users\/1"}],"replies":[{"embeddable":true,"href":"https:\/\/microscopemedia.com\/index.php?rest_route=%2Fwp%2Fv2%2Fcomments&post=689410"}],"version-history":[{"count":0,"href":"https:\/\/microscopemedia.com\/index.php?rest_route=\/wp\/v2\/posts\/689410\/revisions"}],"wp:featuredmedia":[{"embeddable":true,"href":"https:\/\/microscopemedia.com\/index.php?rest_route=\/wp\/v2\/media\/689411"}],"wp:attachment":[{"href":"https:\/\/microscopemedia.com\/index.php?rest_route=%2Fwp%2Fv2%2Fmedia&parent=689410"}],"wp:term":[{"taxonomy":"category","embeddable":true,"href":"https:\/\/microscopemedia.com\/index.php?rest_route=%2Fwp%2Fv2%2Fcategories&post=689410"},{"taxonomy":"post_tag","embeddable":true,"href":"https:\/\/microscopemedia.com\/index.php?rest_route=%2Fwp%2Fv2%2Ftags&post=689410"}],"curies":[{"name":"wp","href":"https:\/\/api.w.org\/{rel}","templated":true}]}}