{"id":689414,"date":"2026-04-26T17:26:04","date_gmt":"2026-04-26T17:26:04","guid":{"rendered":"https:\/\/microscopemedia.com\/?p=689414"},"modified":"2026-04-26T17:26:04","modified_gmt":"2026-04-26T17:26:04","slug":"rusia-si-coreea-de-nord-isi-consolideaza-relatia-bilaterala-de-aparare","status":"publish","type":"post","link":"https:\/\/microscopemedia.com\/?p=689414","title":{"rendered":"Rusia \u0219i Coreea de Nord \u00ee\u0219i consolideaz\u0103 rela\u021bia bilateral\u0103 de ap\u0103rare"},"content":{"rendered":"<div><img decoding=\"async\" src=\"https:\/\/microscopemedia.com\/wp-content\/uploads\/2026\/04\/rusia-si-coreea-de-nord-isi-consolideaza-relatia-bilaterala-de-aparare.jpg\" class=\"ff-og-image-inserted\"><\/div>\n<p id=\"p-0\"><span>O delega\u021bie rus\u0103 a vizitat Coreea de Nord \u00eencep\u00e2nd cu ziua de s\u00e2mb\u0103t\u0103. Vizita a inclus o \u00eent\u00e2lnire \u00eentre ministrul Ap\u0103r\u0103rii, Andrei Belousov \u0219i liderul nord-coreean Kim Jong Un. \u00cen urma \u00eent\u00e2lnirii, cele dou\u0103 state au stabilit extinderea cooper\u0103rii militare bilaterale.&nbsp;<\/span><\/p>\n<p id=\"p-1\"><span>\u201eAm convenit cu Ministerul nord-coreean al Ap\u0103r\u0103rii c\u0103 parteneriatul nostru militar va fi sustenabil \u0219i pe termen lung. Anul acesta promite s\u0103 fie cel pu\u021bin la fel de fructuos \u00een ceea ce prive\u0219te contactele bilaterale \u00een multe domenii\u201d, a declarat oficialul rus, potrivit agen\u021biei TASS, citate de <span><a href=\"https:\/\/www.lefigaro.fr\/international\/la-russie-et-la-coree-du-nord-conviennent-d-une-cooperation-militaire-bilaterale-a-long-terme-20260426\">AFP<\/a><\/span>.&nbsp;<\/span><\/p>\n<p id=\"p-2\"><span>Din delega\u021bie a f\u0103cut parte \u0219i pre\u0219edintele Dumei de Stat, Viaceslav Volodin, care a mul\u021bumit public liderului nord-coreean pentru sprijinul acordat \u00een eliberarea regiunii Kursk.&nbsp;<\/span><\/p>\n<p id=\"p-3\"><span>Cooperarea dintre cele dou\u0103 \u021b\u0103ri s-a intensificat \u00een contextul r\u0103zboiului din Ucraina, unde Coreea de Nord a trimis mii de solda\u021bi care au participat la contraofensiva de eliberare a regiunii Kursk.&nbsp;<\/span><\/p>\n<p id=\"p-4\"><span>Serviciile de informa\u021bii sud-coreene estimeaz\u0103 c\u0103&nbsp; aproximativ 2.000 de solda\u021bi nord-coreeni ar fi fost uci\u0219i \u00een conflict.&nbsp;<\/span><\/p>\n<p id=\"p-5\"><span>\u00cen schimbul sprijinului militar, Phenianul ar primi ajutor financiar, tehnologie militar\u0103, alimente \u0219i resurse energetice din partea Rusiei.&nbsp;<\/span><\/p>\n","protected":false},"excerpt":{"rendered":"<p>O delega\u021bie rus\u0103 a vizitat Coreea de Nord \u00eencep\u00e2nd cu ziua de s\u00e2mb\u0103t\u0103. Vizita a inclus o \u00eent\u00e2lnire \u00eentre ministrul Ap\u0103r\u0103rii, Andrei Belousov \u0219i liderul nord-coreean Kim Jong Un. \u00cen &hellip; <a href=\"https:\/\/microscopemedia.com\/?p=689414\" class=\"more-link\">Read More<\/a><\/p>\n","protected":false},"author":1,"featured_media":689415,"comment_status":"closed","ping_status":"closed","sticky":false,"template":"Default","format":"standard","meta":[],"categories":[1],"tags":[],"_links":{"self":[{"href":"https:\/\/microscopemedia.com\/index.php?rest_route=\/wp\/v2\/posts\/689414"}],"collection":[{"href":"https:\/\/microscopemedia.com\/index.php?rest_route=\/wp\/v2\/posts"}],"about":[{"href":"https:\/\/microscopemedia.com\/index.php?rest_route=\/wp\/v2\/types\/post"}],"author":[{"embeddable":true,"href":"https:\/\/microscopemedia.com\/index.php?rest_route=\/wp\/v2\/users\/1"}],"replies":[{"embeddable":true,"href":"https:\/\/microscopemedia.com\/index.php?rest_route=%2Fwp%2Fv2%2Fcomments&post=689414"}],"version-history":[{"count":0,"href":"https:\/\/microscopemedia.com\/index.php?rest_route=\/wp\/v2\/posts\/689414\/revisions"}],"wp:featuredmedia":[{"embeddable":true,"href":"https:\/\/microscopemedia.com\/index.php?rest_route=\/wp\/v2\/media\/689415"}],"wp:attachment":[{"href":"https:\/\/microscopemedia.com\/index.php?rest_route=%2Fwp%2Fv2%2Fmedia&parent=689414"}],"wp:term":[{"taxonomy":"category","embeddable":true,"href":"https:\/\/microscopemedia.com\/index.php?rest_route=%2Fwp%2Fv2%2Fcategories&post=689414"},{"taxonomy":"post_tag","embeddable":true,"href":"https:\/\/microscopemedia.com\/index.php?rest_route=%2Fwp%2Fv2%2Ftags&post=689414"}],"curies":[{"name":"wp","href":"https:\/\/api.w.org\/{rel}","templated":true}]}}