{"id":689416,"date":"2026-04-26T17:46:04","date_gmt":"2026-04-26T17:46:04","guid":{"rendered":"https:\/\/microscopemedia.com\/?p=689416"},"modified":"2026-04-26T17:46:04","modified_gmt":"2026-04-26T17:46:04","slug":"radu-miruta-dupa-incidentele-cu-drone-din-galati-si-tulcea-tehnologia-dronelor-impotriva-carora-luptam-se-imbunatateste","status":"publish","type":"post","link":"https:\/\/microscopemedia.com\/?p=689416","title":{"rendered":"Radu Miru\u021b\u0103, dup\u0103 incidentele cu drone din Gala\u021bi \u0219i Tulcea: Tehnologia dronelor \u00eempotriva c\u0103rora lupt\u0103m se \u00eembun\u0103t\u0103\u021be\u0219te"},"content":{"rendered":"<div><img decoding=\"async\" src=\"https:\/\/microscopemedia.com\/wp-content\/uploads\/2026\/04\/radu-miruta-dupa-incidentele-cu-drone-din-galati-si-tulcea-tehnologia-dronelor-impotriva-carora-luptam-se-imbunatateste.jpg\" class=\"ff-og-image-inserted\"><\/div>\n<h2 id=\"chapter-0\">Situa\u021bia actual\u0103 a fragmentelor de drone<\/h2>\n<p id=\"p-0\"><span>\u201eCu cele din aceast\u0103 s\u00e2mb\u0103t\u0103, da, au fost \u0219i recuperate. Se face \u0219i o expertiz\u0103 a explozibilului care a fost g\u0103sit acolo. A fost detonat, adic\u0103 a disp\u0103rut riscul s\u0103 poat\u0103 exploda \u00een jurul celor care se ocupau s\u0103 adune acele resturi. Din punctul \u0103sta de vedere, este \u00eenchis\u201d, spune Radu Miru\u021b\u0103, la Digi24 dup\u0103 ce au fost identificate fragmente de drone \u00een Gala\u021bi \u0219i Tulcea.&nbsp;<\/span><\/p>\n<p id=\"p-1\"><span>Ministrul a explicat c\u0103 schimb\u0103rile din ultimii ani, generate de utilizarea pe scar\u0103 larg\u0103 a dronelor \u00een R\u0103zboiul din Ucraina, impun o reg\u00e2ndire a strategiilor militare.&nbsp;<\/span><\/p>\n<p id=\"p-2\"><span>\u201eDe doi ani s-a schimbat realitate \u0219i au intervenit aceste drone care presupun o rearanjare nu numai a strategiei, ci \u0219i a capabilit\u0103\u021bilor\u201d, spune oficialul.&nbsp;<\/span><\/p>\n<h2 id=\"chapter-1\">Lim\u0103t\u0103rile statului rom\u00e2n<\/h2>\n<p id=\"p-3\"><span>Miru\u021b\u0103 a explicat \u0219i limit\u0103rile sistemelor de detec\u021bie ale Rom\u00e2niei, privind condi\u021biile impuse de relief \u0219i altitudinea la ce zboar\u0103 drona.&nbsp;<\/span><\/p>\n<p id=\"p-4\"><span>\u201eArmata rom\u00e2n\u0103 are o capabilitate tehnica de a supraveghea absolut \u00eentreg spa\u021biu aerian rom\u00e2nesc de la o altitudine \u00een sus. De la o altitudine \u00een jos, lucrurile se \u00eempart \u00een scenarii \u0219i \u00een situa\u021bii. \u0218i anume, \u00een func\u021bie de situa\u021bia reliefului din zon\u0103. Dac\u0103 este relief de jur \u00eemprejur, performan\u021ba acestor radare este limitat\u0103, fie pe distan\u021b\u0103, fie pe \u00een\u0103l\u021bime, pentru c\u0103 fasciculul de la surs\u0103 nu mai ajunge s\u0103 ating\u0103 obiectul. Un alt aspect este legat de altitudine care nu mai e foarte influen\u021bat\u0103 de relief. Dac\u0103 se zboar\u0103 la 50 de metri, cum a fost drona de la Gala\u021bi, la 45-50 de metri, acolo trebuie s\u0103 exist\u0103 o solu\u021bie radar local\u0103\u201d, sus\u021bine ministrul Ap\u0103r\u0103rii.&nbsp;<\/span><\/p>\n<p id=\"p-5\"><span>Totu\u0219i, acesta a precizat: \u201eArmata Rom\u00e2n\u0103 are \u0219i solu\u021bii pentru astfel de situa\u021bii, \u00eens\u0103 sunt limitate. Sunt pu\u021bine \u0219i le direc\u021bion\u0103m acolo unde este apreciat c\u0103 riscul este mai mare\u201d.&nbsp;<\/span><\/p>\n<h2 id=\"chapter-2\">Evolu\u021bia dronelor<\/h2>\n<p id=\"p-6\"><span>Oficialul a atras aten\u021bia \u0219i asupra evolu\u021biei tehnologice a dronelor. \u201eSunt altfel de drone. Sunt cu alta amprent\u0103 termic\u0103, sunt cu pozi\u021bionarea motorului \u00een fa\u021b\u0103, nu \u00een spate. Sunt cu capacitate de atac a celor care vor s\u0103 atace drona respectiv\u0103. Dac\u0103 p\u00e2n\u0103 acum dronele erau pur \u0219i simplu direc\u021bionate s\u0103 explodeze acolo unde pic\u0103, acum au \u00eenc\u0103rc\u0103tur\u0103 care poate pleca \u00eempotriva unui elicopter\u201d, spune Miru\u021b\u0103.&nbsp;<\/span><\/p>\n<p id=\"p-7\"><span>Ministrul Ap\u0103r\u0103rii a reiterat c\u0103 Rom\u00e2nia nu se afl\u0103 \u00een r\u0103zboi \u0219i exist\u0103 riscuri, punct\u00e2nd c\u0103 dronele care ajung \u00een Rom\u00e2nia sunt unit\u0103\u021bi care sunt afectate de ap\u0103rarea antiaerian\u0103 ucrainean \u0219i care \u00ee\u0219i pierd traiectoria \u0219i ajung accidental pe teritoriul Rom\u00e2niei.&nbsp;&nbsp;<\/span><\/p>\n","protected":false},"excerpt":{"rendered":"<p>Situa\u021bia actual\u0103 a fragmentelor de drone \u201eCu cele din aceast\u0103 s\u00e2mb\u0103t\u0103, da, au fost \u0219i recuperate. Se face \u0219i o expertiz\u0103 a explozibilului care a fost g\u0103sit acolo. A fost &hellip; <a href=\"https:\/\/microscopemedia.com\/?p=689416\" class=\"more-link\">Read More<\/a><\/p>\n","protected":false},"author":1,"featured_media":689417,"comment_status":"closed","ping_status":"closed","sticky":false,"template":"Default","format":"standard","meta":[],"categories":[1],"tags":[],"_links":{"self":[{"href":"https:\/\/microscopemedia.com\/index.php?rest_route=\/wp\/v2\/posts\/689416"}],"collection":[{"href":"https:\/\/microscopemedia.com\/index.php?rest_route=\/wp\/v2\/posts"}],"about":[{"href":"https:\/\/microscopemedia.com\/index.php?rest_route=\/wp\/v2\/types\/post"}],"author":[{"embeddable":true,"href":"https:\/\/microscopemedia.com\/index.php?rest_route=\/wp\/v2\/users\/1"}],"replies":[{"embeddable":true,"href":"https:\/\/microscopemedia.com\/index.php?rest_route=%2Fwp%2Fv2%2Fcomments&post=689416"}],"version-history":[{"count":0,"href":"https:\/\/microscopemedia.com\/index.php?rest_route=\/wp\/v2\/posts\/689416\/revisions"}],"wp:featuredmedia":[{"embeddable":true,"href":"https:\/\/microscopemedia.com\/index.php?rest_route=\/wp\/v2\/media\/689417"}],"wp:attachment":[{"href":"https:\/\/microscopemedia.com\/index.php?rest_route=%2Fwp%2Fv2%2Fmedia&parent=689416"}],"wp:term":[{"taxonomy":"category","embeddable":true,"href":"https:\/\/microscopemedia.com\/index.php?rest_route=%2Fwp%2Fv2%2Fcategories&post=689416"},{"taxonomy":"post_tag","embeddable":true,"href":"https:\/\/microscopemedia.com\/index.php?rest_route=%2Fwp%2Fv2%2Ftags&post=689416"}],"curies":[{"name":"wp","href":"https:\/\/api.w.org\/{rel}","templated":true}]}}