{"id":689420,"date":"2026-04-26T18:46:03","date_gmt":"2026-04-26T18:46:03","guid":{"rendered":"https:\/\/microscopemedia.com\/?p=689420"},"modified":"2026-04-26T18:46:03","modified_gmt":"2026-04-26T18:46:03","slug":"radu-miruta-despre-consultarile-de-la-cotroceni-trebuie-sa-existe-un-armistitiu-pentru-a-nu-pierde-bani","status":"publish","type":"post","link":"https:\/\/microscopemedia.com\/?p=689420","title":{"rendered":"Radu Miru\u021b\u0103, despre consult\u0103rile de la Cotroceni: Trebuie s\u0103 existe un armisti\u021biu pentru a nu pierde bani"},"content":{"rendered":"<div><img decoding=\"async\" src=\"https:\/\/microscopemedia.com\/wp-content\/uploads\/2026\/04\/radu-miruta-despre-consultarile-de-la-cotroceni-trebuie-sa-existe-un-armistitiu-pentru-a-nu-pierde-bani.jpg\" class=\"ff-og-image-inserted\"><\/div>\n<h2 id=\"chapter-0\">Necesitatea unui armisti\u021biu<\/h2>\n<p id=\"p-0\"><span>\u00centrebat despre consult\u0103rile convocate la Palatul Cotroceni, Miru\u021b\u0103 a spus: \u201eE mai mult dec\u00e2t binevenit\u0103 o astfel de \u00eent\u00e2lnire. M\u0103 bucur foarte mult c\u0103 domnul pre\u0219edinte Nicu\u0219or Dan a organizat, pentru c\u0103 totu\u0219i trebuie s\u0103 existe s\u0103 mai fi r\u0103mas o ramur\u0103 de ra\u021biune \u00een clasa politic\u0103\u201d.&nbsp;<\/span><\/p>\n<p id=\"p-1\"><span>De asemenea, ministrul a subliniat c\u0103 este necesar ca proiectele europene s\u0103 fie \u00eendeplinite \u00een vederea absorb\u021biei integrale de fonduri. \u201eTrebuie s\u0103 existe un armisti\u021biu politic pentru ca bucata de bani pe care Rom\u00e2nia ar putea s\u0103 o piard\u0103 s\u0103 nu fim \u00een situa\u021bia de a pierde\u201d, spune Miru\u021b\u0103.&nbsp;<\/span><\/p>\n<h2 id=\"chapter-1\">Urgen\u021ba proiectului SAFE<\/h2>\n<p id=\"p-2\"><span>\u00centrebat despre o poten\u021bial\u0103 solu\u021bie \u00een vederea contractelor SAFE, oficialul a spus: \u201eAr trebui s\u0103 convoace Parlamentul. Comisiile din Parlament s\u0103 proceseze aceste proiecte SAFE. Este dreptul parlamentarilor s\u0103 modifice ce consider\u0103 din acele proiecte, s\u0103 le amendeze, \u00eens\u0103 noi la Ministerul Ap\u0103r\u0103rii avem nevoie de aceast\u0103 h\u00e2rtie de la Parlament pentru a putea s\u0103 contract\u0103m\u201d.<\/span><\/p>\n<p id=\"p-3\"><span>\u00cen plus, a atras aten\u021bia asupa anvergurii programului SAFE pentru Rom\u00e2nia: \u201eAcum e vorba de 21 contracte pe care trebuie s\u0103 le semn\u0103m \u00eentr-o perioad\u0103 foarte scurt\u0103 de timp. Iar dac\u0103 celelalte ministere, dac\u0103 Parlamentul vor veni la Ministerul Ap\u0103r\u0103rii \u0219i vor spune mai sunt 5 zile p\u00e2n\u0103 c\u00e2nd trebuie s\u0103 semnezi contractele, hai \u00eentrebuin\u021beaz\u0103-te s\u0103 le semnezi c\u0103 mai ai timp, nu se va putea asta, pentru c\u0103 este un cadru legal \u00een care sunt men\u021bionate ni\u0219te termene\u201d.&nbsp;<\/span><\/p>\n<h2 id=\"chapter-2\">Rela\u021bia cu PSD<\/h2>\n<p id=\"p-4\"><span>De asemenea, ministrul a reiterat pozi\u021bia USR, potrivit c\u0103reia, o pr\u0103bu\u0219ire a guvernului Bolojan prin mo\u021biune de cenzur\u0103 de c\u0103tre PSD ar duce la \u00eencheierea oric\u0103rei colabor\u0103ri \u00een viitor \u00eentre cele dou\u0103 partide. \u201eDac\u0103 PSD va vota o mo\u021biune de cenzur\u0103 \u00eempreun\u0103 cu AUR, indiferent dac\u0103 se vor \u00een\u021belege sau nu cu PNL, cu sau f\u0103r\u0103 Ilie Bolojan, noi nu vom mai sta pentru c\u0103 nu e o abordare serioas\u0103. Rom\u00e2nia se va \u00eentoarce la epoca Ciuc\u0103-Ciolacu \u00een care \u00ee\u0219i vor da m\u00e2na peste \u021bar\u0103, b\u0103t\u00e2ndu-\u0219i joc \u0219i de votul rom\u00e2n \u0219i de democra\u021bie\u201d, spune Miru\u021b\u0103.&nbsp;&nbsp;<\/span><\/p>\n<p id=\"p-5\"><span>Luni de la ora 10:00, <\/span><span>\u0219eful statului are o <span><a href=\"https:\/\/www.mediafax.ro\/politic\/nicusor-dan-se-intalneste-luni-cu-liderii-psd-pnl-usr-udmr-si-ai-grupului-minoritatilor-23726673\">\u00eentrevedere<\/a> <\/span>cu liderii partidelor \u0219i forma\u021biunilor politice parlamentare pro-europene (Partidul Social Democrat, Partidul Na\u021bional Liberal, Uniunea Salva\u021bi Rom\u00e2nia, Uniunea Democrat\u0103 Maghiar\u0103 din Rom\u00e2nia \u0219i Grupul Parlamentar al Minorit\u0103\u021bilor Na\u021bionale).<\/span><span>&nbsp;<\/span><\/p>\n","protected":false},"excerpt":{"rendered":"<p>Necesitatea unui armisti\u021biu \u00centrebat despre consult\u0103rile convocate la Palatul Cotroceni, Miru\u021b\u0103 a spus: \u201eE mai mult dec\u00e2t binevenit\u0103 o astfel de \u00eent\u00e2lnire. M\u0103 bucur foarte mult c\u0103 domnul pre\u0219edinte Nicu\u0219or &hellip; <a href=\"https:\/\/microscopemedia.com\/?p=689420\" class=\"more-link\">Read More<\/a><\/p>\n","protected":false},"author":1,"featured_media":689421,"comment_status":"closed","ping_status":"closed","sticky":false,"template":"Default","format":"standard","meta":[],"categories":[1],"tags":[],"_links":{"self":[{"href":"https:\/\/microscopemedia.com\/index.php?rest_route=\/wp\/v2\/posts\/689420"}],"collection":[{"href":"https:\/\/microscopemedia.com\/index.php?rest_route=\/wp\/v2\/posts"}],"about":[{"href":"https:\/\/microscopemedia.com\/index.php?rest_route=\/wp\/v2\/types\/post"}],"author":[{"embeddable":true,"href":"https:\/\/microscopemedia.com\/index.php?rest_route=\/wp\/v2\/users\/1"}],"replies":[{"embeddable":true,"href":"https:\/\/microscopemedia.com\/index.php?rest_route=%2Fwp%2Fv2%2Fcomments&post=689420"}],"version-history":[{"count":0,"href":"https:\/\/microscopemedia.com\/index.php?rest_route=\/wp\/v2\/posts\/689420\/revisions"}],"wp:featuredmedia":[{"embeddable":true,"href":"https:\/\/microscopemedia.com\/index.php?rest_route=\/wp\/v2\/media\/689421"}],"wp:attachment":[{"href":"https:\/\/microscopemedia.com\/index.php?rest_route=%2Fwp%2Fv2%2Fmedia&parent=689420"}],"wp:term":[{"taxonomy":"category","embeddable":true,"href":"https:\/\/microscopemedia.com\/index.php?rest_route=%2Fwp%2Fv2%2Fcategories&post=689420"},{"taxonomy":"post_tag","embeddable":true,"href":"https:\/\/microscopemedia.com\/index.php?rest_route=%2Fwp%2Fv2%2Ftags&post=689420"}],"curies":[{"name":"wp","href":"https:\/\/api.w.org\/{rel}","templated":true}]}}