{"id":689422,"date":"2026-04-26T19:06:03","date_gmt":"2026-04-26T19:06:03","guid":{"rendered":"https:\/\/microscopemedia.com\/?p=689422"},"modified":"2026-04-26T19:06:03","modified_gmt":"2026-04-26T19:06:03","slug":"ultrasii-dinamovisti-recidiveaza-noi-bannere-cu-mesaje-rasiste-prezente-la-meciul-dinamo-rapid","status":"publish","type":"post","link":"https:\/\/microscopemedia.com\/?p=689422","title":{"rendered":"Ultra\u0219ii dinamovi\u0219ti recidiveaz\u0103. Noi bannere cu mesaje rasiste prezente la meciul Dinamo-Rapid"},"content":{"rendered":"<p id=\"p-0\"><span>\u00cen timpul derby-ului de duminic\u0103, suporterii dinamovi\u0219ti din peluz\u0103 au afi\u0219at mai multe bannere rasiste adresate fanilor echipei Rapid.&nbsp;<\/span><\/p>\n<p id=\"p-1\"><span>Printre mesajele afi\u0219ate se num\u0103r\u0103: \u201eRudari, ursari, c\u0103ld\u0103rari \u0219i boldeni, coduri CAEN pentru robi giule\u0219teni\u201d sau \u201eDac\u0103 vre\u021bi s\u0103 nu v\u0103 mai zicem \u021bigani,&nbsp; nu v\u0103 mai lua\u021bi de la 12 ani\u201d.&nbsp;<\/span><\/p>\n<div class=\"single__inline-gallery color-white mg-bottom-20 bg-black padding-5 md:rounded-10\">\n<div class=\"md:rounded-5 display-grid xs:grid-cols-2 grid-cols-3 gap-5\">\n<div class=\"single__inline-gallery-image relative column-span-2 row-span-2\">\n                <a href=\"https:\/\/www.mediafax.ro\/poze\/ultrasii-dinamovisti-recidiveaza-noi-bannere-cu-mesaje-rasiste-prezente-la-meciul-dinamo-rapid-23726874\"><br \/>\n                    <img decoding=\"async\" loading=\"lazy\" src=\"https:\/\/microscopemedia.com\/wp-content\/uploads\/2026\/04\/ultrasii-dinamovisti-recidiveaza-noi-bannere-cu-mesaje-rasiste-prezente-la-meciul-dinamo-rapid.jpg\" width=\"700\" height=\"450\"><br \/>\n                <\/a>\n                            <\/div>\n<div class=\"single__inline-gallery-image relative \">\n                <a href=\"https:\/\/www.mediafax.ro\/poze\/ultrasii-dinamovisti-recidiveaza-noi-bannere-cu-mesaje-rasiste-prezente-la-meciul-dinamo-rapid-23726874\"><br \/>\n                    <img decoding=\"async\" loading=\"lazy\" src=\"https:\/\/microscopemedia.com\/wp-content\/uploads\/2026\/04\/ultrasii-dinamovisti-recidiveaza-noi-bannere-cu-mesaje-rasiste-prezente-la-meciul-dinamo-rapid-1.jpg\" width=\"700\" height=\"450\"><br \/>\n                <\/a>\n                            <\/div>\n<\/p><\/div>\n<\/p><\/div>\n<p id=\"p-2\"><span>\u00cen cadrul partidei de duminic\u0103 sear\u0103, Dumitru Giuliano, un lider al comunit\u0103\u021bii rome a fost vizat direct de un mesaj rasist. \u201eGiuliano, ciocul mic \u0219i joc de aripi\u201d.&nbsp;<\/span><\/p>\n<p id=\"p-3\"><span>\u201e<\/span><span>\u00cen aceast\u0103 sear\u0103, la ora 21:00, urm\u0103resc meciul dintre Dinamo \u0219i Rapid. A\u0219tept s\u0103 v\u0103d dac\u0103 conducerea clubului Dinamo \u00ee\u0219i va respecta cuv\u00e2ntul \u0219i dac\u0103 suporterii dinamovi\u0219ti vor demonstra c\u0103 nu sunt rasi\u0219ti, sus\u021bin\u00e2nd echipa f\u0103r\u0103 a mai ataca comunitatea rom\u0103\u201d, anun\u021ba acesta pe pagin<\/span><span>a sa de Facebook, dup\u0103 ce a depus o pl\u00e2ngere penal\u0103 \u00een urma incidentelor din tur.&nbsp;<\/span><\/p>\n<p id=\"p-4\"><span>\u00cen partida din tur, ultra\u0219ii dinamovi\u0219ti au scandat mesaje cu caracter rasist \u00een sta\u021bia de metrou Basarab, \u00een timp ce se deplasau spre stadionul Giule\u0219ti. \u00cen timpul partidei, \u00een sectorul ocupat de galeria dinamovist\u0103 a fost afi\u0219at un banner cu mesajul \u201eIeri \u00een robie, azi \u00een galerie\u201d.<\/span><\/p>\n<p id=\"p-5\"><span>Incidentele din martie, deputatul Nicolae P\u0103un, liderul Asocia\u021biei Partidei Romilor Pro-Europa&nbsp; a anun\u021bat c\u0103 a depus pl\u00e2ngeri la Parchetul General, Consiliul Na\u021bional pentru Combaterea Discrimin\u0103rii (CNCD) \u0219i Federa\u021bia Rom\u00e2n\u0103 de Fotbal (FRF).&nbsp;<\/span><\/p>\n","protected":false},"excerpt":{"rendered":"<p>\u00cen timpul derby-ului de duminic\u0103, suporterii dinamovi\u0219ti din peluz\u0103 au afi\u0219at mai multe bannere rasiste adresate fanilor echipei Rapid.&nbsp; Printre mesajele afi\u0219ate se num\u0103r\u0103: \u201eRudari, ursari, c\u0103ld\u0103rari \u0219i boldeni, coduri &hellip; <a href=\"https:\/\/microscopemedia.com\/?p=689422\" class=\"more-link\">Read More<\/a><\/p>\n","protected":false},"author":1,"featured_media":689423,"comment_status":"closed","ping_status":"closed","sticky":false,"template":"Default","format":"standard","meta":[],"categories":[1],"tags":[],"_links":{"self":[{"href":"https:\/\/microscopemedia.com\/index.php?rest_route=\/wp\/v2\/posts\/689422"}],"collection":[{"href":"https:\/\/microscopemedia.com\/index.php?rest_route=\/wp\/v2\/posts"}],"about":[{"href":"https:\/\/microscopemedia.com\/index.php?rest_route=\/wp\/v2\/types\/post"}],"author":[{"embeddable":true,"href":"https:\/\/microscopemedia.com\/index.php?rest_route=\/wp\/v2\/users\/1"}],"replies":[{"embeddable":true,"href":"https:\/\/microscopemedia.com\/index.php?rest_route=%2Fwp%2Fv2%2Fcomments&post=689422"}],"version-history":[{"count":0,"href":"https:\/\/microscopemedia.com\/index.php?rest_route=\/wp\/v2\/posts\/689422\/revisions"}],"wp:featuredmedia":[{"embeddable":true,"href":"https:\/\/microscopemedia.com\/index.php?rest_route=\/wp\/v2\/media\/689423"}],"wp:attachment":[{"href":"https:\/\/microscopemedia.com\/index.php?rest_route=%2Fwp%2Fv2%2Fmedia&parent=689422"}],"wp:term":[{"taxonomy":"category","embeddable":true,"href":"https:\/\/microscopemedia.com\/index.php?rest_route=%2Fwp%2Fv2%2Fcategories&post=689422"},{"taxonomy":"post_tag","embeddable":true,"href":"https:\/\/microscopemedia.com\/index.php?rest_route=%2Fwp%2Fv2%2Ftags&post=689422"}],"curies":[{"name":"wp","href":"https:\/\/api.w.org\/{rel}","templated":true}]}}