{"id":689426,"date":"2026-04-26T19:36:03","date_gmt":"2026-04-26T19:36:03","guid":{"rendered":"https:\/\/microscopemedia.com\/?p=689426"},"modified":"2026-04-26T19:36:03","modified_gmt":"2026-04-26T19:36:03","slug":"bolojan-dupa-incendiul-din-vrancea-guvernul-va-aloca-ajutoare-familiilor-lovite-de-nenorocire","status":"publish","type":"post","link":"https:\/\/microscopemedia.com\/?p=689426","title":{"rendered":"Bolojan, dup\u0103 incendiul din Vrancea: Guvernul va aloca ajutoare familiilor lovite de nenorocire"},"content":{"rendered":"<div><img decoding=\"async\" src=\"https:\/\/microscopemedia.com\/wp-content\/uploads\/2026\/04\/bolojan-dupa-incendiul-din-vrancea-guvernul-va-aloca-ajutoare-familiilor-lovite-de-nenorocire.jpg\" class=\"ff-og-image-inserted\"><\/div>\n<p id=\"p-0\"><span>\u201eAm fost \u00een leg\u0103tur\u0103 cu autorit\u0103\u021bile pe durata interven\u021biei. \u00cen aceast\u0103 sear\u0103, m-am asigurat c\u0103 pentru toate persoanele evacuate din gospod\u0103riile cuprinse de foc exist\u0103 solu\u021bii de cazare \u0219i bunuri de prim\u0103 necesitate\u201d, a declarat Bolojan.&nbsp;<\/span><\/p>\n<p id=\"p-1\"><span>\u201eGuvernul va aloca ajutoare familiilor lovite de nenorocire. CNSU va aproba m\u00e2ine sumele pentru un sprijin \u00een prim\u0103 urgen\u021b\u0103 ce va fi acordat p\u00e2n\u0103 joi\u201d, a continuat premierul.&nbsp;<\/span><\/p>\n<p id=\"p-2\">Potrivit premierului, pagubele <a href=\"https:\/\/www.mediafax.ro\/social\/incendiu-puternic-intr-un-sat-din-vrancea-incendiul-s-a-extins-la-32-de-case-a-fost-emis-mesaj-ro-alert-23726696\" target=\"_blank\" rel=\"noopener\"><span><strong>incendiului care a cuprins 32 de locuin\u021be<\/strong><\/span><\/a> din satul Ruc\u0103reni vor fi evaluate s\u0103pt\u0103m\u00e2na urm\u0103toare, dar \u0219i situa\u021bi<span>&nbsp;fiec\u0103rei gospod\u0103rii pentru stabilirea sumelor ce vor fi oferite celor care au r\u0103mas f\u0103r\u0103 case.<\/span><\/p>\n<p id=\"p-3\"><span>\u201eMul\u021bumesc tuturor celor care au fost implica\u021bi \u00een interven\u021bie: pompierilor din Vrancea, Bac\u0103u, Buz\u0103u, Gala\u021bi, Bra\u0219ov \u0219i Covasna, echipajelor SMURD, jandarmilor, poli\u021bi\u0219tilor \u0219i cet\u0103\u021benilor care s-au mobilizat \u00eentreaga zi, \u00een condi\u021bii dificile\u201d, a conchis Bolojan.&nbsp;<\/span><\/p>\n<p id=\"p-4\">Reamintim c\u0103 duminic\u0103 diminea\u021ba, \u00een jurul orei 10:00, mai multe case au luat foc, iar incendiul s-a extins pe parcursul zilei, din cauza v\u00e2ntului puternic. La fa\u021ba locului au fost trimise 13 autospeciale.<\/p>\n","protected":false},"excerpt":{"rendered":"<p>\u201eAm fost \u00een leg\u0103tur\u0103 cu autorit\u0103\u021bile pe durata interven\u021biei. \u00cen aceast\u0103 sear\u0103, m-am asigurat c\u0103 pentru toate persoanele evacuate din gospod\u0103riile cuprinse de foc exist\u0103 solu\u021bii de cazare \u0219i bunuri &hellip; <a href=\"https:\/\/microscopemedia.com\/?p=689426\" class=\"more-link\">Read More<\/a><\/p>\n","protected":false},"author":1,"featured_media":689427,"comment_status":"closed","ping_status":"closed","sticky":false,"template":"Default","format":"standard","meta":[],"categories":[1],"tags":[],"_links":{"self":[{"href":"https:\/\/microscopemedia.com\/index.php?rest_route=\/wp\/v2\/posts\/689426"}],"collection":[{"href":"https:\/\/microscopemedia.com\/index.php?rest_route=\/wp\/v2\/posts"}],"about":[{"href":"https:\/\/microscopemedia.com\/index.php?rest_route=\/wp\/v2\/types\/post"}],"author":[{"embeddable":true,"href":"https:\/\/microscopemedia.com\/index.php?rest_route=\/wp\/v2\/users\/1"}],"replies":[{"embeddable":true,"href":"https:\/\/microscopemedia.com\/index.php?rest_route=%2Fwp%2Fv2%2Fcomments&post=689426"}],"version-history":[{"count":0,"href":"https:\/\/microscopemedia.com\/index.php?rest_route=\/wp\/v2\/posts\/689426\/revisions"}],"wp:featuredmedia":[{"embeddable":true,"href":"https:\/\/microscopemedia.com\/index.php?rest_route=\/wp\/v2\/media\/689427"}],"wp:attachment":[{"href":"https:\/\/microscopemedia.com\/index.php?rest_route=%2Fwp%2Fv2%2Fmedia&parent=689426"}],"wp:term":[{"taxonomy":"category","embeddable":true,"href":"https:\/\/microscopemedia.com\/index.php?rest_route=%2Fwp%2Fv2%2Fcategories&post=689426"},{"taxonomy":"post_tag","embeddable":true,"href":"https:\/\/microscopemedia.com\/index.php?rest_route=%2Fwp%2Fv2%2Ftags&post=689426"}],"curies":[{"name":"wp","href":"https:\/\/api.w.org\/{rel}","templated":true}]}}