{"id":689428,"date":"2026-04-26T19:56:03","date_gmt":"2026-04-26T19:56:03","guid":{"rendered":"https:\/\/microscopemedia.com\/?p=689428"},"modified":"2026-04-26T19:56:03","modified_gmt":"2026-04-26T19:56:03","slug":"regele-charles-isi-mentine-vizita-in-sua-in-pofida-atacului-armat-de-la-washington","status":"publish","type":"post","link":"https:\/\/microscopemedia.com\/?p=689428","title":{"rendered":"Regele Charles \u00ee\u0219i men\u021bine vizita \u00een SUA, \u00een pofida atacului armat de la Washington"},"content":{"rendered":"<div><img decoding=\"async\" src=\"https:\/\/microscopemedia.com\/wp-content\/uploads\/2026\/04\/regele-charles-isi-mentine-vizita-in-sua-in-pofida-atacului-armat-de-la-washington.jpg\" class=\"ff-og-image-inserted\"><\/div>\n<p id=\"p-0\"><span>Palatul Buckingham a anun\u021bat c\u0103 vizita oficial\u0103 de patru zile a Regelui Charles \u00een Statele Unite va \u00eencepe luni conform programului, \u00een ciuda incidentului armat petrecut s\u00e2mb\u0103t\u0103 seara la Washington.&nbsp;<\/span><\/p>\n<p id=\"p-1\"><span>\u201e\u00cen urma discu\u021biilor purtate de ambele p\u0103r\u021bi ale Atlanticului pe parcursul zilei \u0219i ac\u021bion\u00e2nd la recomandarea guvernului, putem confirma c\u0103 vizita de stat a Majest\u0103\u021bilor Lor va continua conform planului. Regele \u0219i Regina sunt extrem de recunosc\u0103tori tuturor celor care au lucrat pentru a se asigura c\u0103 acest lucru r\u0103m\u00e2ne valabil \u0219i a\u0219teapt\u0103 cu ner\u0103bdare ca vizita s\u0103 \u00eenceap\u0103 m\u00e2ine\u201d, se arat\u0103 \u00een comunicatul Palatului, citat de <span><a href=\"https:\/\/news.sky.com\/story\/discussions-at-buckingham-palace-over-security-for-kings-us-visit-after-trump-dinner-shooting-13536746\">Sky News<\/a><\/span>.&nbsp;<\/span><\/p>\n<p id=\"p-2\"><span>Cu toate acestea, autorit\u0103\u021bile britanice iau \u00een calcul ajust\u0103ri minore la nivel opera\u021bional pentru unele evenimente incluse \u00een agend\u0103.&nbsp;<\/span><\/p>\n<p id=\"p-3\"><span>\u00cen timpul Cinei Coresponden\u021bilor de la Casa Alb\u0103, un b\u0103rbat de 31 de ani din California a deschis focul \u00een apropierea s\u0103lii de bal care g\u0103zduia evenimentul. \u00cen urma atacului, pre\u0219edintele Donald Trump a fost evacuat \u0219i un ofi\u021ber a fost lovit, \u00eens\u0103 a fost protejat de vest\u0103 antiglon\u021b.&nbsp;<\/span><\/p>\n","protected":false},"excerpt":{"rendered":"<p>Palatul Buckingham a anun\u021bat c\u0103 vizita oficial\u0103 de patru zile a Regelui Charles \u00een Statele Unite va \u00eencepe luni conform programului, \u00een ciuda incidentului armat petrecut s\u00e2mb\u0103t\u0103 seara la Washington.&nbsp; &hellip; <a href=\"https:\/\/microscopemedia.com\/?p=689428\" class=\"more-link\">Read More<\/a><\/p>\n","protected":false},"author":1,"featured_media":689429,"comment_status":"closed","ping_status":"closed","sticky":false,"template":"Default","format":"standard","meta":[],"categories":[1],"tags":[],"_links":{"self":[{"href":"https:\/\/microscopemedia.com\/index.php?rest_route=\/wp\/v2\/posts\/689428"}],"collection":[{"href":"https:\/\/microscopemedia.com\/index.php?rest_route=\/wp\/v2\/posts"}],"about":[{"href":"https:\/\/microscopemedia.com\/index.php?rest_route=\/wp\/v2\/types\/post"}],"author":[{"embeddable":true,"href":"https:\/\/microscopemedia.com\/index.php?rest_route=\/wp\/v2\/users\/1"}],"replies":[{"embeddable":true,"href":"https:\/\/microscopemedia.com\/index.php?rest_route=%2Fwp%2Fv2%2Fcomments&post=689428"}],"version-history":[{"count":0,"href":"https:\/\/microscopemedia.com\/index.php?rest_route=\/wp\/v2\/posts\/689428\/revisions"}],"wp:featuredmedia":[{"embeddable":true,"href":"https:\/\/microscopemedia.com\/index.php?rest_route=\/wp\/v2\/media\/689429"}],"wp:attachment":[{"href":"https:\/\/microscopemedia.com\/index.php?rest_route=%2Fwp%2Fv2%2Fmedia&parent=689428"}],"wp:term":[{"taxonomy":"category","embeddable":true,"href":"https:\/\/microscopemedia.com\/index.php?rest_route=%2Fwp%2Fv2%2Fcategories&post=689428"},{"taxonomy":"post_tag","embeddable":true,"href":"https:\/\/microscopemedia.com\/index.php?rest_route=%2Fwp%2Fv2%2Ftags&post=689428"}],"curies":[{"name":"wp","href":"https:\/\/api.w.org\/{rel}","templated":true}]}}