{"id":689432,"date":"2026-04-26T20:56:04","date_gmt":"2026-04-26T20:56:04","guid":{"rendered":"https:\/\/microscopemedia.com\/?p=689432"},"modified":"2026-04-26T20:56:04","modified_gmt":"2026-04-26T20:56:04","slug":"dragos-pislaru-romania-inca-este-eligibila-pentru-fondurile-europene-dar-depinde-de-rezolvarea-reformelor","status":"publish","type":"post","link":"https:\/\/microscopemedia.com\/?p=689432","title":{"rendered":"Drago\u0219 P\u00eeslaru: \u201eRom\u00e2nia \u00eenc\u0103 este eligibil\u0103 pentru fondurile europene, dar depinde de rezolvarea reformelor\u201d"},"content":{"rendered":"<div><img decoding=\"async\" src=\"https:\/\/microscopemedia.com\/wp-content\/uploads\/2026\/04\/dragos-pislaru-romania-inca-este-eligibila-pentru-fondurile-europene-dar-depinde-de-rezolvarea-reformelor.jpg\" class=\"ff-og-image-inserted\"><\/div>\n<p id=\"p-0\"><a href=\"https:\/\/www.mediafax.ro\/politic\/pislaru-despre-viitoarea-lege-a-salarizarii-forma-finala-va-reflecta-conditiile-spatiului-bugetar-fiscal-existent-23726493\">Drago\u0219 P\u00eeslaru<\/a>, ministrul Investi\u021biilor \u0219i Proiectelor Europene, are un optimism prudent c\u00e2nd vorbe\u0219te depsre accesarea fondurilor europene. Invitat la B1 TV, el a declarat c\u0103 are \u0219anse mari s\u0103-\u0219i acceseze sumele r\u0103mase, cu condi\u021bia de a-\u0219i respecta angajamentele de reform\u0103.<\/p>\n<p id=\"p-1\">P\u00eeslaru a precizat c\u0103 Rom\u00e2nia mai are la dispozi\u021bie aproximativ 10 miliarde de euro din fondurile europene, suma variind \u00een func\u021bie de modul de calcul \u0219i de prefinan\u021b\u0103rile deja acordate.<\/p>\n<h2 id=\"chapter-0\">Rom\u00e2nia ar putea accesa 11-12 miliarde de euro, din care sc\u0103dem prefinan\u021b\u0103rile<\/h2>\n<p id=\"p-2\">Potrivit acestuia, cifra real\u0103 la care ar putea avea acces Rom\u00e2nia ar porni de la un total de 11\u201312 miliarde de euro, din care se scad avansurile primite.<\/p>\n<p id=\"p-3\">Ministrul a insistat \u00eens\u0103 c\u0103 accesarea integral\u0103 a acestor fonduri depinde \u00een mod esen\u021bial de implementarea reformelor asumate, responsabilitate care nu apar\u021bine exclusiv Ministerului Investi\u021biilor \u0219i Proiectelor Europene, ci \u00eentregului guvern.<\/p>\n<h2 id=\"chapter-1\">Perspicacitate \u00een rela\u021bia cu Comisia<\/h2>\n<p id=\"p-4\">\u201eEu am un plan \u00een care am \u00eencredere c\u0103, dac\u0103 exist\u0103 aceast\u0103 minim\u0103 responsabilitate s\u0103 rezolv\u0103m reformele, pe partea de investi\u021bii avem ni\u0219te a\u0219i \u00een m\u00e2nec\u0103.<\/p>\n<p id=\"p-5\">\u0218i un pic de profesionalism \u0219i perspicacitate \u00een rela\u021bia Comisia ne permite s\u0103 primim to\u021bi banii pe grant\u201d, a spus P\u00eeslaru, \u201eDeci s\u0103 mai facem \u00eenc\u0103 o ultim\u0103 magie, s\u0103 nu pierdem niciun euro din cei negru\u201d.<\/p>\n<p id=\"p-6\">\u00cen rela\u021bia cu Comisia European\u0103, P\u00eeslaru a declarat c\u0103 a oferit asigur\u0103ri privind continuitatea reformelor, \u00een ciuda instabilit\u0103\u021bii politice.<\/p>\n<p id=\"p-7\">Ministrul a invocat inclusiv posibilitatea unui \u201emoratoriu\u201d pentru reforme, aflat \u00een discu\u021bie la nivelul Executivului, \u0219i a insistat c\u0103 proiectele de investi\u021bii majore \u2014 precum spitale sau autostr\u0103zi \u2014 trebuie s\u0103 continue, indiferent de crizele politice interne.<\/p>\n<h2 id=\"chapter-2\">\u201eAm dat asigur\u0103ri c\u0103 exist\u0103 poten\u021bial de reforme\u201d<\/h2>\n<p id=\"p-8\">\u201eAm dat asigur\u0103ri Comisiei Europene c\u0103, \u00een ciuda acestor turbulen\u021be, exist\u0103 acest poten\u021bial de a avea pentru reforme un moratoriu. Am spus c\u0103 prim-ministru lucreaz\u0103 la asta, pre\u0219edintele pare c\u0103 lucreaz\u0103 la asta.<\/p>\n<p id=\"p-9\">Totodat\u0103, ministrul a recunoscut existen\u021ba unor disfunc\u021bionalit\u0103\u021bi \u00een comunicarea \u0219i coordonarea cu partenerii europeni, f\u0103c\u00e2nd referire, \u00eentr-o not\u0103 autoironic\u0103, la \u201ecreativitatea\u201d Rom\u00e2niei \u00een rela\u021bia cu institu\u021biile UE \u0219i la capacitatea de a gestiona \u00een paralel crize interne \u0219i obliga\u021bii externe.<\/p>\n<h2 id=\"chapter-3\">\u201ePSD a ie\u0219it de la guvernare pentru a demonstra for\u021b\u0103\u201d<\/h2>\n<p id=\"p-10\">Pe plan politic, P\u00eeslaru a indicat tensiuni \u00een interiorul coali\u021biei de guvernare \u0219i a men\u021bionat c\u0103 o parte semnificativ\u0103 a portofoliilor, inclusiv cel al legii salariz\u0103rii, era gestionat\u0103 de PSD.<\/p>\n<p id=\"p-11\">\u00cen opinia sa, ie\u0219irea social-democra\u021bilor de la guvernare a fost rezultatul unui proces politic sc\u0103pat de sub control, pornit din dorin\u021ba de a demonstra for\u021b\u0103 politic\u0103.<\/p>\n<h2 id=\"chapter-4\">Rom\u00e2nia este \u00eenc\u0103 eligibil\u0103 pentru fondurile europene<\/h2>\n<p id=\"p-12\">\u00cen ceea ce prive\u0219te rolul pre\u0219edintelui, ministrul a afirmat c\u0103 interven\u021bia acestuia a venit abia dup\u0103 declan\u0219area crizei politice, dar a evitat s\u0103 formuleze critici directe, limit\u00e2ndu-se la evaluarea situa\u021biei din perspectiva mandatului s\u0103u guvernamental.<\/p>\n<p id=\"p-13\">\u00cen ansamblu, ideea lui Drago\u0219 P\u00eeslaru este c\u0103 Rom\u00e2nia \u00eenc\u0103 se calific\u0103 pentru fondurile europene, are \u0219ansa s\u0103 le acceseze, \u00eens\u0103 asta \u021bine mult de voin\u021ba politic\u0103 \u0219i de capacitatea autorit\u0103\u021bilor de a implementa reformele promise.<\/p>\n","protected":false},"excerpt":{"rendered":"<p>Drago\u0219 P\u00eeslaru, ministrul Investi\u021biilor \u0219i Proiectelor Europene, are un optimism prudent c\u00e2nd vorbe\u0219te depsre accesarea fondurilor europene. Invitat la B1 TV, el a declarat c\u0103 are \u0219anse mari s\u0103-\u0219i acceseze &hellip; <a href=\"https:\/\/microscopemedia.com\/?p=689432\" class=\"more-link\">Read More<\/a><\/p>\n","protected":false},"author":1,"featured_media":689433,"comment_status":"closed","ping_status":"closed","sticky":false,"template":"Default","format":"standard","meta":[],"categories":[1],"tags":[],"_links":{"self":[{"href":"https:\/\/microscopemedia.com\/index.php?rest_route=\/wp\/v2\/posts\/689432"}],"collection":[{"href":"https:\/\/microscopemedia.com\/index.php?rest_route=\/wp\/v2\/posts"}],"about":[{"href":"https:\/\/microscopemedia.com\/index.php?rest_route=\/wp\/v2\/types\/post"}],"author":[{"embeddable":true,"href":"https:\/\/microscopemedia.com\/index.php?rest_route=\/wp\/v2\/users\/1"}],"replies":[{"embeddable":true,"href":"https:\/\/microscopemedia.com\/index.php?rest_route=%2Fwp%2Fv2%2Fcomments&post=689432"}],"version-history":[{"count":0,"href":"https:\/\/microscopemedia.com\/index.php?rest_route=\/wp\/v2\/posts\/689432\/revisions"}],"wp:featuredmedia":[{"embeddable":true,"href":"https:\/\/microscopemedia.com\/index.php?rest_route=\/wp\/v2\/media\/689433"}],"wp:attachment":[{"href":"https:\/\/microscopemedia.com\/index.php?rest_route=%2Fwp%2Fv2%2Fmedia&parent=689432"}],"wp:term":[{"taxonomy":"category","embeddable":true,"href":"https:\/\/microscopemedia.com\/index.php?rest_route=%2Fwp%2Fv2%2Fcategories&post=689432"},{"taxonomy":"post_tag","embeddable":true,"href":"https:\/\/microscopemedia.com\/index.php?rest_route=%2Fwp%2Fv2%2Ftags&post=689432"}],"curies":[{"name":"wp","href":"https:\/\/api.w.org\/{rel}","templated":true}]}}