{"id":689434,"date":"2026-04-26T21:16:04","date_gmt":"2026-04-26T21:16:04","guid":{"rendered":"https:\/\/microscopemedia.com\/?p=689434"},"modified":"2026-04-26T21:16:04","modified_gmt":"2026-04-26T21:16:04","slug":"atacatorul-de-la-dineul-corespondentilor-a-lasat-o-scrisoare-rudelor-urmeaza-sa-aveti-o-surpriza","status":"publish","type":"post","link":"https:\/\/microscopemedia.com\/?p=689434","title":{"rendered":"Atacatorul de la Dineul Coresponden\u021bilor a l\u0103sat o scrisoare rudelor: \u201eUrmeaz\u0103 s\u0103 ave\u021bi o surpriz\u0103\u201d"},"content":{"rendered":"<div><img decoding=\"async\" src=\"https:\/\/microscopemedia.com\/wp-content\/uploads\/2026\/04\/atacatorul-de-la-dineul-corespondentilor-a-lasat-o-scrisoare-rudelor-urmeaza-sa-aveti-o-surpriza.jpg\" class=\"ff-og-image-inserted\"><\/div>\n<p id=\"p-0\">Atacatorul care a tras focuri de arm\u0103 la <a href=\"https:\/\/www.mediafax.ro\/externe\/ce-se-stie-pana-acum-despre-atacul-de-la-cina-corespondentilor-23726638\">Dineul Coresponden\u021bilor<\/a>, evenimentul de s\u00e2mb\u0103t\u0103 de la Casa Alb\u0103, urmeaz\u0103 s\u0103 fie prezentat \u00een fa\u021ba unei instan\u021be federale, \u00een timp ce anchetatorii \u00eencearc\u0103 s\u0103 stabileasc\u0103 toate circumstan\u021bele incidentului.<\/p>\n<p id=\"p-1\">For\u021be de ordine citate de mai multe <a href=\"https:\/\/news.sky.com\/story\/trump-evacuated-as-gunfire-shots-heard-during-correspondents-dinner-13536647#11590353\">media americane<\/a> spun c\u0103 suspectul, identificat drept Cole Allen, este \u00een prezent re\u021binut \u00eentr-o sec\u021bie a poli\u021biei metropolitane din nord-vestul capitalei SUA. Autorit\u0103\u021bile inten\u021bioneaz\u0103 s\u0103 \u00eel transfere \u00eentr-un centru de deten\u021bie din sud-estul ora\u0219ului, urm\u00e2nd ca ulterior s\u0103 fie preluat de US Marshals Service \u0219i dus \u00een fa\u021ba unei instan\u021be federale.<\/p>\n<p id=\"p-2\">\u00cen paralel, noi informa\u021bii ap\u0103rute \u00een spa\u021biul public indic\u0103 faptul c\u0103, \u00eenainte de atac, suspectul ar fi transmis un mesaj familiei sale.<\/p>\n<h2 id=\"chapter-0\">\u201eSurpriz\u0103!\u201d<\/h2>\n<p id=\"p-3\">Conform relat\u0103rilor difuzate de NBC News, acesta \u0219i-ar fi cerut scuze p\u0103rin\u021bilor, colegilor \u0219i persoanelor care ar fi putut fi afectate de ac\u021biunile sale.<\/p>\n<p id=\"p-4\">\u00cen mesajul, destul de criptic, l\u0103sat apropia\u021bilor, Allen ar fi sugerat c\u0103 urma s\u0103 provoace \u201eo surpriz\u0103\u201d \u0219i ar fi criticat administra\u021bia fostului pre\u0219edinte Donald Trump, f\u0103r\u0103 a-l men\u021biona direct ca \u021bint\u0103.<\/p>\n<p id=\"p-5\">El ar fi indicat c\u0103 oficiali ai administra\u021biei ar fi fost viza\u021bi, iar agen\u021bii Secret Service doar \u201edac\u0103 este necesar\u201d, cu inten\u021bia declarat\u0103 de a-i neutraliza f\u0103r\u0103 a le pune via\u021ba \u00een pericol.<\/p>\n<h2 id=\"chapter-1\">Nu ar fi vizat s\u0103 ucid\u0103 dec\u00e2t dac\u0103 poli\u021bia ar fi deschis focuri \u00eenspre el<\/h2>\n<p id=\"p-6\">Suspectul ar fi precizat c\u0103 oaspe\u021bii \u0219i angaja\u021bii hotelului nu reprezint\u0103 \u021binte, iar poli\u021bia Capitoliului, Garda Na\u021bional\u0103 \u0219i personalul de securitate nu ar trebui viza\u021bi dec\u00e2t \u00een cazul \u00een care ar deschide focul asupra sa.<\/p>\n<p id=\"p-7\">De asemenea, acesta ar fi afirmat c\u0103 a ales muni\u021bie menit\u0103 s\u0103 reduc\u0103 riscul de victime colaterale, de\u0219i a admis c\u0103 ar fi fost dispus s\u0103 treac\u0103 \u201eprin oricine\u201d pentru a-\u0219i atinge obiectivele, dac\u0103 situa\u021bia ar fi impus-o.<\/p>\n<h2 id=\"chapter-2\">\u201eNu m\u0103 a\u0219tept la iertare\u201d<\/h2>\n<p id=\"p-8\">\u00cen finalul mesajului, Allen ar fi declarat c\u0103 nu se a\u0219teapt\u0103 la iertare, ar fi criticat m\u0103surile de securitate ale hotelului \u0219i ar fi semnat cu un pseudonim, descriindu-se drept \u201eFriendly Federal Assassin\u201d (Asasinul Federal Prietenos).<\/p>\n<p id=\"p-9\">Ancheta este \u00een desf\u0103\u0219urare, iar autorit\u0103\u021bile federale urmeaz\u0103 s\u0103 stabileasc\u0103 acuza\u021biile oficiale \u0219i eventualele motive ale atacului.<\/p>\n","protected":false},"excerpt":{"rendered":"<p>Atacatorul care a tras focuri de arm\u0103 la Dineul Coresponden\u021bilor, evenimentul de s\u00e2mb\u0103t\u0103 de la Casa Alb\u0103, urmeaz\u0103 s\u0103 fie prezentat \u00een fa\u021ba unei instan\u021be federale, \u00een timp ce anchetatorii &hellip; <a href=\"https:\/\/microscopemedia.com\/?p=689434\" class=\"more-link\">Read More<\/a><\/p>\n","protected":false},"author":1,"featured_media":689435,"comment_status":"closed","ping_status":"closed","sticky":false,"template":"Default","format":"standard","meta":[],"categories":[1],"tags":[],"_links":{"self":[{"href":"https:\/\/microscopemedia.com\/index.php?rest_route=\/wp\/v2\/posts\/689434"}],"collection":[{"href":"https:\/\/microscopemedia.com\/index.php?rest_route=\/wp\/v2\/posts"}],"about":[{"href":"https:\/\/microscopemedia.com\/index.php?rest_route=\/wp\/v2\/types\/post"}],"author":[{"embeddable":true,"href":"https:\/\/microscopemedia.com\/index.php?rest_route=\/wp\/v2\/users\/1"}],"replies":[{"embeddable":true,"href":"https:\/\/microscopemedia.com\/index.php?rest_route=%2Fwp%2Fv2%2Fcomments&post=689434"}],"version-history":[{"count":0,"href":"https:\/\/microscopemedia.com\/index.php?rest_route=\/wp\/v2\/posts\/689434\/revisions"}],"wp:featuredmedia":[{"embeddable":true,"href":"https:\/\/microscopemedia.com\/index.php?rest_route=\/wp\/v2\/media\/689435"}],"wp:attachment":[{"href":"https:\/\/microscopemedia.com\/index.php?rest_route=%2Fwp%2Fv2%2Fmedia&parent=689434"}],"wp:term":[{"taxonomy":"category","embeddable":true,"href":"https:\/\/microscopemedia.com\/index.php?rest_route=%2Fwp%2Fv2%2Fcategories&post=689434"},{"taxonomy":"post_tag","embeddable":true,"href":"https:\/\/microscopemedia.com\/index.php?rest_route=%2Fwp%2Fv2%2Ftags&post=689434"}],"curies":[{"name":"wp","href":"https:\/\/api.w.org\/{rel}","templated":true}]}}