{"id":689446,"date":"2026-04-26T23:46:03","date_gmt":"2026-04-26T23:46:03","guid":{"rendered":"https:\/\/microscopemedia.com\/?p=689446"},"modified":"2026-04-26T23:46:03","modified_gmt":"2026-04-26T23:46:03","slug":"oligarhii-lui-viktor-orban-isi-muta-averile-din-tara-dupa-ce-protectorul-lor-a-pierdut-alegerile","status":"publish","type":"post","link":"https:\/\/microscopemedia.com\/?p=689446","title":{"rendered":"Oligarhii lui Viktor Orban \u00ee\u0219i mut\u0103 averile din \u021bar\u0103 dup\u0103 ce protectorul lor a pierdut alegerile"},"content":{"rendered":"<div><img decoding=\"async\" src=\"https:\/\/microscopemedia.com\/wp-content\/uploads\/2026\/04\/oligarhii-lui-viktor-orban-isi-muta-averile-din-tara-dupa-ce-protectorul-lor-a-pierdut-alegerile.jpg\" class=\"ff-og-image-inserted\"><\/div>\n<p id=\"p-0\">Schimbarea de putere de la Budapesta, dup\u0103 victoria opozi\u021biei conduse de P\u00e9ter Magyar, a declan\u0219at nu doar reac\u021bii de bucurie \u00een r\u00e2ndul popula\u021biei, ci \u0219i o mi\u0219care rapid\u0103 \u00een cercurile apropiate fostului premier Viktor Orb\u00e1n.<\/p>\n<p id=\"p-1\">Mai mul\u021bi oameni de afaceri \u0219i oficiali asocia\u021bi cu fostul regim \u00eencearc\u0103 s\u0103-\u0219i transfere averile \u00een afara \u021b\u0103rii, potrivit <a href=\"https:\/\/www.theguardian.com\/world\/2026\/apr\/26\/viktor-orban-associates-wealth-hungary-election?utm_source=chatgpt.com\">The Guardian<\/a>.<\/p>\n<p id=\"p-2\">Surse citate de The Guardian sus\u021bin c\u0103 avioane private ar fi decolat \u00een mod repetat din Viena, transport\u00e2nd bunuri \u0219i capital apar\u021bin\u00e2nd unor persoane a c\u0103ror avere a crescut semnificativ \u00een cei 16 ani de guvernare ai lui <a href=\"https:\/\/www.mediafax.ro\/externe\/viktor-orban-renunta-la-mandatul-de-parlamentar-23726528\">Viktor Orb\u00e1n<\/a>.<\/p>\n<p id=\"p-3\">\u00cen paralel, alte persoane ar fi \u00eenceput s\u0103 investeasc\u0103 \u00een state precum Emiratele Arabe Unite, Arabia Saudit\u0103, Oman, dar \u0219i \u00een Australia sau Singapore.<\/p>\n<h2 id=\"chapter-0\"><strong>Acuza\u021bii directe: \u201ezeci de miliarde transferate\u201d<\/strong><\/h2>\n<p id=\"p-4\">Noul premier, P\u00e9ter Magyar, acuz\u0103 deschis cercurile apropiate fostei puteri c\u0103 \u00eencearc\u0103 s\u0103 evite eventuale anchete sau m\u0103suri legale.<\/p>\n<p id=\"p-5\">Acesta sus\u021bine c\u0103 \u201eoligarhii lega\u021bi de Orb\u00e1n transfer\u0103 zeci de miliarde de forin\u021bi\u201d c\u0103tre \u021b\u0103ri unde extr\u0103darea ar fi dificil\u0103, inclusiv SUA sau state din Orientul Mijlociu.<\/p>\n<p id=\"p-6\">Magyar a cerut interven\u021bia rapid\u0103 a autorit\u0103\u021bilor \u2014 procurorul-\u0219ef, poli\u021bia \u0219i administra\u021bia fiscal\u0103 \u2014 pentru a \u00eempiedica plecarea celor viza\u021bi \u0219i pentru a proteja activele care ar putea face obiectul unor investiga\u021bii.<\/p>\n<h2 id=\"chapter-1\"><strong>Nume grele \u0219i plec\u0103ri discrete<\/strong><\/h2>\n<p id=\"p-7\">Printre cei men\u021biona\u021bi se afl\u0103 \u0219i familia lui L\u0151rinc M\u00e9sz\u00e1ros, unul dintre cei mai apropia\u021bi alia\u021bi ai lui Orb\u00e1n \u0219i considerat cel mai bogat om din Ungaria, a c\u0103rui ascensiune spectaculoas\u0103 a fost legat\u0103 de contracte publice \u0219i fonduri europene.<\/p>\n<p id=\"p-8\">Potrivit liderului opozi\u021biei, unele familii influente ar fi p\u0103r\u0103sit deja \u021bara, dup\u0103 ce \u0219i-au retras copiii de la \u0219coli \u0219i \u0219i-au organizat plecarea cu ajutorul unor servicii de securitate private.<\/p>\n<h2 id=\"chapter-2\"><strong>Suspiciuni de distrugere a probelor<\/strong><\/h2>\n<p id=\"p-9\">\u00cen paralel, noul guvern acuz\u0103 c\u0103, \u00een ultimele s\u0103pt\u0103m\u00e2ni ale administra\u021biei Orb\u00e1n, ar fi avut loc distrugeri de documente \u00een ministere \u0219i institu\u021bii apropiate puterii.<\/p>\n<p id=\"p-10\">P\u00e9ter Magyar afirm\u0103 c\u0103 exist\u0103 \u201erapoarte tot mai numeroase\u201d privind eliminarea unor documente poten\u021bial incriminatoare.<\/p>\n<p id=\"p-11\">Acuza\u021biile au fost respinse de fostul ministru de externe P\u00e9ter Szijj\u00e1rt\u00f3, care a declarat c\u0103 este vorba doar despre eliminarea unor copii pe h\u00e2rtie ale documentelor deja arhivate digital.<\/p>\n<h2 id=\"chapter-3\"><strong>O posibil\u0103 lupt\u0103 de durat\u0103<\/strong><\/h2>\n<p id=\"p-12\">Investiga\u021bii ale jurnali\u0219tilor independen\u021bi, inclusiv ale publica\u021biei Vsquare \u0219i site-ului 444.hu, indic\u0103 faptul c\u0103 transferurile de active ar fi \u00eenceput chiar \u00eenainte de alegeri, inclusiv c\u0103tre destina\u021bii precum Dubai.<\/p>\n<p id=\"p-13\">Totu\u0219i, aceste eforturi ar putea fi \u00eengreunate de existen\u021ba unor func\u021bionari \u0219i oficiali care de\u021bin informa\u021bii despre mecanismele financiare din perioada guvern\u0103rii Orb\u00e1n, deschiz\u00e2nd calea unor posibile anchete de lung\u0103 durat\u0103.<\/p>\n<h2 id=\"chapter-4\"><strong>\u201eO \u021bar\u0103 jefuit\u0103\u201d<\/strong><\/h2>\n<p id=\"p-14\">Noul premier a promis m\u0103suri ferme \u00eempotriva corup\u021biei \u0219i clientelismului, sus\u021bin\u00e2nd c\u0103 Ungaria a fost \u201ejefuit\u0103, pr\u0103dat\u0103 \u0219i \u00eendatorat\u0103\u201d \u00een ultimii ani.<\/p>\n<p id=\"p-15\">El a calificat situa\u021bia drept una critic\u0103, afirm\u00e2nd c\u0103 \u021bara a ajuns \u201ecea mai s\u0103rac\u0103 \u0219i mai corupt\u0103 din Uniunea European\u0103\u201d.<\/p>\n<p id=\"p-16\">\u00cen acest context, tranzi\u021bia de putere de la Budapesta nu pare s\u0103 fie doar una politic\u0103, ci \u0219i \u00eenceputul unei confrunt\u0103ri majore privind averile acumulate \u00een perioada fostei guvern\u0103ri \u2013 o confruntare care ar putea dura ani de zile.<\/p>\n","protected":false},"excerpt":{"rendered":"<p>Schimbarea de putere de la Budapesta, dup\u0103 victoria opozi\u021biei conduse de P\u00e9ter Magyar, a declan\u0219at nu doar reac\u021bii de bucurie \u00een r\u00e2ndul popula\u021biei, ci \u0219i o mi\u0219care rapid\u0103 \u00een cercurile &hellip; <a href=\"https:\/\/microscopemedia.com\/?p=689446\" class=\"more-link\">Read More<\/a><\/p>\n","protected":false},"author":1,"featured_media":689447,"comment_status":"closed","ping_status":"closed","sticky":false,"template":"Default","format":"standard","meta":[],"categories":[1],"tags":[],"_links":{"self":[{"href":"https:\/\/microscopemedia.com\/index.php?rest_route=\/wp\/v2\/posts\/689446"}],"collection":[{"href":"https:\/\/microscopemedia.com\/index.php?rest_route=\/wp\/v2\/posts"}],"about":[{"href":"https:\/\/microscopemedia.com\/index.php?rest_route=\/wp\/v2\/types\/post"}],"author":[{"embeddable":true,"href":"https:\/\/microscopemedia.com\/index.php?rest_route=\/wp\/v2\/users\/1"}],"replies":[{"embeddable":true,"href":"https:\/\/microscopemedia.com\/index.php?rest_route=%2Fwp%2Fv2%2Fcomments&post=689446"}],"version-history":[{"count":0,"href":"https:\/\/microscopemedia.com\/index.php?rest_route=\/wp\/v2\/posts\/689446\/revisions"}],"wp:featuredmedia":[{"embeddable":true,"href":"https:\/\/microscopemedia.com\/index.php?rest_route=\/wp\/v2\/media\/689447"}],"wp:attachment":[{"href":"https:\/\/microscopemedia.com\/index.php?rest_route=%2Fwp%2Fv2%2Fmedia&parent=689446"}],"wp:term":[{"taxonomy":"category","embeddable":true,"href":"https:\/\/microscopemedia.com\/index.php?rest_route=%2Fwp%2Fv2%2Fcategories&post=689446"},{"taxonomy":"post_tag","embeddable":true,"href":"https:\/\/microscopemedia.com\/index.php?rest_route=%2Fwp%2Fv2%2Ftags&post=689446"}],"curies":[{"name":"wp","href":"https:\/\/api.w.org\/{rel}","templated":true}]}}