{"id":689448,"date":"2026-04-26T23:56:04","date_gmt":"2026-04-26T23:56:04","guid":{"rendered":"https:\/\/microscopemedia.com\/?p=689448"},"modified":"2026-04-26T23:56:04","modified_gmt":"2026-04-26T23:56:04","slug":"seful-apararii-din-mali-ucis-intr-un-atac-masiv-jihadistii-si-rebelii-cuceresc-orase-si-baze-militare","status":"publish","type":"post","link":"https:\/\/microscopemedia.com\/?p=689448","title":{"rendered":"\u0218eful ap\u0103r\u0103rii din Mali, ucis \u00eentr-un atac masiv \/ Jihadi\u0219tii \u0219i rebelii cuceresc ora\u0219e \u0219i baze militare"},"content":{"rendered":"<div><img decoding=\"async\" src=\"https:\/\/microscopemedia.com\/wp-content\/uploads\/2026\/04\/seful-apararii-din-mali-ucis-intr-un-atac-masiv-jihadistii-si-rebelii-cuceresc-orase-si-baze-militare.jpg\" class=\"ff-og-image-inserted\"><\/div>\n<p id=\"p-0\">Criza de securitate din Mali se ad\u00e2nce\u0219te, dup\u0103 ce \u0219eful ap\u0103r\u0103rii, Sadio Camara, a fost ucis \u00een urma unui atac coordonat al <a href=\"https:\/\/www.mediafax.ro\/externe\/atacuri-coordonate-in-mali-militanti-islamisti-si-separatisti-lovesc-simultan-mai-multe-orase-23726586\">jihadi\u0219tilor \u0219i rebelilor separati\u0219ti<\/a>, care au ocupat mai multe ora\u0219e \u0219i baze militare, relateaz\u0103 <a href=\"https:\/\/newsroom.ap.org\/home\">AP<\/a>.<\/p>\n<p id=\"p-1\">Anun\u021bul a fost f\u0103cut de autorit\u0103\u021bile de la Bamako, care au confirmat c\u0103 generalul a murit dup\u0103 ce a fost r\u0103nit \u00eentr-un atac asupra propriei re\u0219edin\u021be.<\/p>\n<p id=\"p-2\">Potrivit guvernului, locuin\u021ba sa a fost vizat\u0103 de un atentat sinuciga\u0219, urmat de lupte intense cu atacatorii.<\/p>\n<p id=\"p-3\">Camara ar fi reu\u0219it s\u0103 neutralizeze o parte dintre ace\u0219tia \u00eenainte de a fi transportat la spital, unde a decedat.<\/p>\n<h2 id=\"chapter-0\">Atacuri coordonate f\u0103r\u0103 precedent<\/h2>\n<p id=\"p-4\">Violen\u021bele de s\u00e2mb\u0103t\u0103 sunt considerate printre cele mai ample din ultimii ani.<\/p>\n<p id=\"p-5\">Atacurile au vizat capitala Bamako \u0219i alte ora\u0219e importante, pun\u00e2nd la \u00eencercare at\u00e2t armata malian\u0103, c\u00e2t \u0219i sprijinul oferit de Rusia, prezent\u0103 \u00een \u021bar\u0103 cu trupe \u0219i contractori militari.<\/p>\n<p id=\"p-6\">Situa\u021bia este cu at\u00e2t mai grav\u0103 cu c\u00e2t, pentru prima dat\u0103, grup\u0103rile separatiste \u0219i jihadi\u0219tii au ac\u021bionat \u00eempreun\u0103.<\/p>\n<p id=\"p-7\">Coali\u021bia rebel\u0103, inclusiv Frontul de Eliberare Azawad \u0219i gruparea afiliat\u0103 al-Qaida JNIM, a revendicat ac\u021biuni coordonate \u00een mai multe zone ale \u021b\u0103rii.<\/p>\n<h2 id=\"chapter-1\">Ora\u0219 strategic pierdut<\/h2>\n<p id=\"p-8\">\u00cen nord, separati\u0219tii sus\u021bin c\u0103 au preluat controlul asupra ora\u0219ului Kidal, un bastion istoric al rebeliunii.<\/p>\n<p id=\"p-9\">Armata malian\u0103 a confirmat retragerea din zon\u0103 \u0219i repozi\u021bionarea for\u021belor \u00een localitatea Anefis, la aproximativ 100 de kilometri distan\u021b\u0103.<\/p>\n<p id=\"p-10\">Kidal fusese recucerit \u00een 2023 de for\u021bele guvernamentale, cu sprijinul alia\u021bilor ru\u0219i, fiind considerat un simbol al controlului statului asupra nordului instabil.<\/p>\n<h2 id=\"chapter-2\">Stare de alert\u0103 \u0219i incertitudine<\/h2>\n<p id=\"p-11\">Autorit\u0103\u021bile nu au comunicat un bilan\u021b complet al victimelor, dar au anun\u021bat cel pu\u021bin 16 r\u0103ni\u021bi, civili \u0219i militari.<\/p>\n<p id=\"p-12\">\u00cen Capital\u0103 a fost impus\u0103 o interdic\u021bie de circula\u021bie pe timpul nop\u021bii.<\/p>\n<p id=\"p-13\">\u00cen paralel, comunitatea regional\u0103 ECOWAS a condamnat atacurile \u0219i a cerut o mobilizare comun\u0103 \u00eempotriva grup\u0103rilor armate.<\/p>\n<h2 id=\"chapter-3\">O amenin\u021bare \u00een cre\u0219tere<\/h2>\n<p id=\"p-14\">Conflictul din Mali dureaz\u0103 de peste un deceniu \u0219i implic\u0103 at\u00e2t insurgen\u021bi islami\u0219ti afilia\u021bi al-Qaida \u0219i Statul Islamic, c\u00e2t \u0219i rebeli separati\u0219ti care cer independen\u021ba nordului.<\/p>\n<p id=\"p-15\">Dup\u0103 loviturile de stat din regiune, juntele militare din Mali, Niger \u0219i Burkina Faso s-au apropiat de Rusia, renun\u021b\u00e2nd la sprijinul occidental.<\/p>\n<p id=\"p-16\">Cu toate acestea, situa\u021bia de securitate s-a deteriorat, iar atacurile recente ridic\u0103 semne de \u00eentrebare inclusiv asupra eficien\u021bei parteneriatului militar cu Moscova.<\/p>\n<p id=\"p-17\">Anali\u0219tii avertizeaz\u0103 c\u0103, de\u0219i Capitala nu este \u00een pericol imediat, intensificarea atacurilor \u0219i colaborarea dintre grup\u0103rile armate marcheaz\u0103 o nou\u0103 etap\u0103 periculoas\u0103 \u00een conflictul din Mali.<\/p>\n","protected":false},"excerpt":{"rendered":"<p>Criza de securitate din Mali se ad\u00e2nce\u0219te, dup\u0103 ce \u0219eful ap\u0103r\u0103rii, Sadio Camara, a fost ucis \u00een urma unui atac coordonat al jihadi\u0219tilor \u0219i rebelilor separati\u0219ti, care au ocupat mai &hellip; <a href=\"https:\/\/microscopemedia.com\/?p=689448\" class=\"more-link\">Read More<\/a><\/p>\n","protected":false},"author":1,"featured_media":689449,"comment_status":"closed","ping_status":"closed","sticky":false,"template":"Default","format":"standard","meta":[],"categories":[1],"tags":[],"_links":{"self":[{"href":"https:\/\/microscopemedia.com\/index.php?rest_route=\/wp\/v2\/posts\/689448"}],"collection":[{"href":"https:\/\/microscopemedia.com\/index.php?rest_route=\/wp\/v2\/posts"}],"about":[{"href":"https:\/\/microscopemedia.com\/index.php?rest_route=\/wp\/v2\/types\/post"}],"author":[{"embeddable":true,"href":"https:\/\/microscopemedia.com\/index.php?rest_route=\/wp\/v2\/users\/1"}],"replies":[{"embeddable":true,"href":"https:\/\/microscopemedia.com\/index.php?rest_route=%2Fwp%2Fv2%2Fcomments&post=689448"}],"version-history":[{"count":0,"href":"https:\/\/microscopemedia.com\/index.php?rest_route=\/wp\/v2\/posts\/689448\/revisions"}],"wp:featuredmedia":[{"embeddable":true,"href":"https:\/\/microscopemedia.com\/index.php?rest_route=\/wp\/v2\/media\/689449"}],"wp:attachment":[{"href":"https:\/\/microscopemedia.com\/index.php?rest_route=%2Fwp%2Fv2%2Fmedia&parent=689448"}],"wp:term":[{"taxonomy":"category","embeddable":true,"href":"https:\/\/microscopemedia.com\/index.php?rest_route=%2Fwp%2Fv2%2Fcategories&post=689448"},{"taxonomy":"post_tag","embeddable":true,"href":"https:\/\/microscopemedia.com\/index.php?rest_route=%2Fwp%2Fv2%2Ftags&post=689448"}],"curies":[{"name":"wp","href":"https:\/\/api.w.org\/{rel}","templated":true}]}}