{"id":689460,"date":"2026-04-27T02:06:03","date_gmt":"2026-04-27T02:06:03","guid":{"rendered":"https:\/\/microscopemedia.com\/?p=689460"},"modified":"2026-04-27T02:06:03","modified_gmt":"2026-04-27T02:06:03","slug":"donald-trump-nu-sunt-un-violator","status":"publish","type":"post","link":"https:\/\/microscopemedia.com\/?p=689460","title":{"rendered":"Donald Trump: \u201eNu sunt un violator\u201d"},"content":{"rendered":"<div><img decoding=\"async\" src=\"https:\/\/microscopemedia.com\/wp-content\/uploads\/2026\/04\/donald-trump-nu-sunt-un-violator.jpg\" class=\"ff-og-image-inserted\"><\/div>\n<p id=\"p-0\">Pre\u0219edintele SUA, <a href=\"https:\/\/www.mediafax.ro\/externe\/trump-dupa-incidentul-armat-de-la-cina-corespondentilor-a-atacat-de-la-50-de-metri-distanta-fbi-cere-informatii-de-la-public-23726631\">Donald Trump<\/a>, a respins ferm acuza\u021biile ap\u0103rute \u00een mesajul atribuit atacatorului care a deschis focul asupra sa, \u00een cadrul unui interviu acordat emisiunii \u201e60 Minutes\u201d de la CBS, difuzat dup\u0103 incidentul de s\u00e2mb\u0103t\u0103 seara.<\/p>\n<p id=\"p-1\">Fragmente din interviu, realizat de jurnalista Norah O\u2019Donnell, au \u00eenceput s\u0103 apar\u0103 \u00een spa\u021biul public, oferind primele reac\u021bii ale liderului american dup\u0103 tentativa de asasinat.<\/p>\n<h2 id=\"chapter-0\">\u201eNu am violat pe nimeni\u201d<\/h2>\n<p id=\"p-2\">Un interviu \u00een care s-a insistat mult pe scrisoarea atacatorului de la Cina Coresponden\u021bilor, \u00een care acesta \u00ee\u0219i justifica gestul \u0219i f\u0103cea referiri directe la administra\u021bia american\u0103.<\/p>\n<p id=\"p-3\">\u201eA\u0219a numitul manifest e \u0219ocant de citit, domnule pre\u0219edinte, pentru c\u0103 pare s\u0103 ofere ni\u0219te justific\u0103ri\u201d, spune jurnalista, care continu\u0103: \u201eEl (atacatorul, n. red.) scrie c\u0103 oficialii din administra\u021bie sunt \u021bintele \u0219i, de asemenea, scrie asta: <strong>nu mai am de g\u00e2nd s\u0103 permit unui pedofil, violator \u0219i tr\u0103d\u0103tor s\u0103-mi p\u0103teze m\u00e2inile cu crimele lui. Care este reac\u021bia dvs la asta?<\/strong>\u201d.<\/p>\n<p id=\"p-4\">\u201e<strong>Nu sunt un violator. Nu am violat pe nimeni<\/strong>\u201d, a declarat Trump, categoric.<\/p>\n<p id=\"p-5\">Pre\u0219edintele a respins \u0219i celelalte acuza\u021bii, spun\u00e2nd c\u0103 provin de la \u201eo persoan\u0103 bolnav\u0103\u201d \u0219i sus\u021bin\u00e2nd c\u0103 a fost \u201ecomplet exonerat\u201d \u00een trecut de astfel de afirma\u021bii.<\/p>\n<h2 id=\"chapter-1\">Atacatorul invoca motive politice<\/h2>\n<p id=\"p-6\">Potrivit informa\u021biilor ap\u0103rute anterior, suspectul ar fi trimis un mesaj familiei \u00eenainte de atac, \u00een care men\u021biona c\u0103 oficiali ai administra\u021biei americane reprezint\u0103 \u021binte.<\/p>\n<p id=\"p-7\">De asemenea, ar fi invocat motive ideologice \u0219i personale pentru ac\u021biunile sale.<\/p>\n<p id=\"p-8\">Trump a sugerat \u00een interviu c\u0103 astfel de acuza\u021bii fac parte dintr-un climat politic tensionat \u0219i a aruncat, la r\u00e2ndul s\u0103u, critici c\u0103tre adversarii politici, f\u0103c\u00e2nd referire inclusiv la cazul Jeffrey Epstein, condamnat pentru infrac\u021biuni sexuale.<\/p>\n<h2 id=\"chapter-2\">Reac\u021bii dup\u0103 incident<\/h2>\n<p id=\"p-9\">Interviul vine la scurt timp dup\u0103 tentativa de asasinat care a avut loc \u00een timpul unui eveniment oficial, incident ce a reaprins dezbaterea privind securitatea liderilor politici \u0219i radicalizarea discursului public \u00een Statele Unite.<\/p>\n<p id=\"p-10\">Ancheta este \u00een desf\u0103\u0219urare, iar autorit\u0103\u021bile \u00eencearc\u0103 s\u0103 stabileasc\u0103 toate circumstan\u021bele atacului \u0219i motiva\u021biile exacte ale suspectului.<\/p>\n","protected":false},"excerpt":{"rendered":"<p>Pre\u0219edintele SUA, Donald Trump, a respins ferm acuza\u021biile ap\u0103rute \u00een mesajul atribuit atacatorului care a deschis focul asupra sa, \u00een cadrul unui interviu acordat emisiunii \u201e60 Minutes\u201d de la CBS, &hellip; <a href=\"https:\/\/microscopemedia.com\/?p=689460\" class=\"more-link\">Read More<\/a><\/p>\n","protected":false},"author":1,"featured_media":689461,"comment_status":"closed","ping_status":"closed","sticky":false,"template":"Default","format":"standard","meta":[],"categories":[1],"tags":[],"_links":{"self":[{"href":"https:\/\/microscopemedia.com\/index.php?rest_route=\/wp\/v2\/posts\/689460"}],"collection":[{"href":"https:\/\/microscopemedia.com\/index.php?rest_route=\/wp\/v2\/posts"}],"about":[{"href":"https:\/\/microscopemedia.com\/index.php?rest_route=\/wp\/v2\/types\/post"}],"author":[{"embeddable":true,"href":"https:\/\/microscopemedia.com\/index.php?rest_route=\/wp\/v2\/users\/1"}],"replies":[{"embeddable":true,"href":"https:\/\/microscopemedia.com\/index.php?rest_route=%2Fwp%2Fv2%2Fcomments&post=689460"}],"version-history":[{"count":0,"href":"https:\/\/microscopemedia.com\/index.php?rest_route=\/wp\/v2\/posts\/689460\/revisions"}],"wp:featuredmedia":[{"embeddable":true,"href":"https:\/\/microscopemedia.com\/index.php?rest_route=\/wp\/v2\/media\/689461"}],"wp:attachment":[{"href":"https:\/\/microscopemedia.com\/index.php?rest_route=%2Fwp%2Fv2%2Fmedia&parent=689460"}],"wp:term":[{"taxonomy":"category","embeddable":true,"href":"https:\/\/microscopemedia.com\/index.php?rest_route=%2Fwp%2Fv2%2Fcategories&post=689460"},{"taxonomy":"post_tag","embeddable":true,"href":"https:\/\/microscopemedia.com\/index.php?rest_route=%2Fwp%2Fv2%2Ftags&post=689460"}],"curies":[{"name":"wp","href":"https:\/\/api.w.org\/{rel}","templated":true}]}}