{"id":689474,"date":"2026-04-27T04:56:04","date_gmt":"2026-04-27T04:56:04","guid":{"rendered":"https:\/\/microscopemedia.com\/?p=689474"},"modified":"2026-04-27T04:56:04","modified_gmt":"2026-04-27T04:56:04","slug":"nicusor-dan-se-intalneste-astazi-cu-liderii-psd-pnl-usr-udmr-si-ai-minoritatilor-nationale-care-este-agenda-discutiilor","status":"publish","type":"post","link":"https:\/\/microscopemedia.com\/?p=689474","title":{"rendered":"Nicu\u0219or Dan se \u00eent\u00e2lne\u0219te ast\u0103zi cu liderii PSD, PNL, USR, UDMR \u0219i ai minorit\u0103\u021bilor na\u021bionale. Care este agenda discu\u021biilor"},"content":{"rendered":"<div><img decoding=\"async\" src=\"https:\/\/microscopemedia.com\/wp-content\/uploads\/2026\/04\/nicusor-dan-se-intalneste-astazi-cu-liderii-psd-pnl-usr-udmr-si-ai-minoritatilor-nationale-care-este-agenda-discutiilor.jpg\" class=\"ff-og-image-inserted\"><\/div>\n<p id=\"p-0\">Pre\u0219edintele Rom\u00e2niei, Nicu\u0219or Dan, are ast\u0103zi programat\u0103 o \u00eent\u00e2lnire cu liderii PSD, PNL, USR, UDMR \u0219i ai minorit\u0103\u021bilor na\u021bionale.<\/p>\n<p id=\"p-1\">\u00cent\u00e2lnirea va avea loc la Palatul Cotroceni \u0219i este programat\u0103 la ora 10:00, potrivit Administra\u021biei Preziden\u021biale.<\/p>\n<p id=\"p-2\">Nicu\u0219or Dan a avut consult\u0103ri cu partidele \u0219i \u00een cursul s\u0103pt\u0103m\u00e2nii trecute, dup\u0103 retragerea sprijinului pentru premierul Ilie Bolojan de c\u0103tre PSD.<\/p>\n<p id=\"p-3\">La momentul respectiv, \u0219eful statului a f\u0103cut apel la \u201edezescaladare\u201d \u0219i a spus c\u0103 toate forma\u021biunile \u0219i-au exprimat disponibilitatea de cooperare pe&nbsp;<span><a href=\"https:\/\/www.mediafax.ro\/politic\/nicusor-dan-dupa-consultari-cu-partidele-in-orice-formula-vom-avea-nevoie-de-dialog-intre-fortele-politice-pro-occidentale-23724776\" target=\"_blank\" rel=\"noopener\">proiectele esen\u021biale<\/a>&nbsp;<\/span>pe care Rom\u00e2nia le are \u00een perioada imediat urm\u0103toare.<\/p>\n<p id=\"p-4\">\u201eFiecare din partidele care au venit azi \u0219i minorit\u0103\u021bile na\u021bionale au afirmat expres c\u0103 exclud o guvernare cu for\u021be anti-occidentale (\u2026). \u0218i fiecare dintre ele \u0219i-a exprimat disponibilitatea de cooperare \u00een mod special, particular, pe proiectele esen\u021biale pe care Rom\u00e2nia le are \u00een perioada imediat urm\u0103toare, OECD, SAFE, PNRR. Deci, calm \u0219i vom trece prin asta\u201d, a spus Nicu\u0219or Dan s\u0103pt\u0103m\u00e2na trecut\u0103, dup\u0103 consult\u0103ri.<\/p>\n<h2 id=\"chapter-0\">Mini\u0219trii PSD \u0219i-au depus demisiile<\/h2>\n<p id=\"p-5\">Tot s\u0103pt\u0103m\u00e2na trecut\u0103, reprezentan\u021bii PSD din guvern \u0219i-au anun\u021bat demisiile, ace\u0219tia av\u00e2nd un vicepremier, Marian Neac\u0219u, \u0219i \u0219ase mini\u0219tri: Alexandru Rogobete (S\u0103n\u0103tate), Radu Marinescu (Justi\u021bie), Florin Barbu (Agricultur\u0103), Florin Manole (Munc\u0103), Bogdan Ivan (Energie) \u0219i Ciprian \u0218erban (Transporturi).<\/p>\n<p id=\"p-6\">S\u00e2mb\u0103ta trecut\u0103, \u0219eful statului<span><a href=\"https:\/\/www.mediafax.ro\/stirile-zilei\/nicusor-dan-a-semnat-demisiile-ministrilor-social-democrati-si-anunta-noi-consultari-la-cotroceni-23726304\"> a semnat demisiile mini\u0219trilor PSD<\/a><\/span> \u0219i propunerile de mini\u0219tri interimari.<\/p>\n<p id=\"p-7\">\u00cen locul acestora, portofoliile au fost preluate interimar de ceilal\u021bi mini\u0219tri astfel:<\/p>\n<ul>\n<li>La Ministerul Muncii \u2013 Drago\u0219 P\u00eeslaru, ministrul Proiectelor Europene<\/li>\n<li>La Ministerul S\u0103n\u0103t\u0103\u021bii \u2013 Cseke Attila, ministrul Dezvolt\u0103rii (UDMR)<\/li>\n<li>La Ministerul Agriculturii \u2013 Tanczos Barna, vicepremier (UDMR)<\/li>\n<li>La Ministerul Justi\u021biei \u2013 C\u0103t\u0103lin Predoiu, ministrul Afacerilor Interne (PNL)<\/li>\n<li>La Ministerul Energiei \u2013 Ilie Bolojan (declara\u021biile f\u0103cute \u00een acest sens, pe larg,<span>&nbsp;<strong><a href=\"https:\/\/www.mediafax.ro\/stirile-zilei\/ilie-bolojan-preia-sefia-la-ministerul-energiei-voi-lua-masuri-ca-energia-in-romania-sa-fie-mai-ieftina-23725241\">AICI<\/a><\/strong>)<\/span><\/li>\n<li>La Ministerul Transporturilor \u2013 Radu Miru\u021b\u0103, ministrul Ap\u0103r\u0103rii (USR)<\/li>\n<li>Atribu\u021biile vicepremierului Marian Neac\u0219u vor fi preluate de Oana Gheorghiu<\/li>\n<\/ul>\n","protected":false},"excerpt":{"rendered":"<p>Pre\u0219edintele Rom\u00e2niei, Nicu\u0219or Dan, are ast\u0103zi programat\u0103 o \u00eent\u00e2lnire cu liderii PSD, PNL, USR, UDMR \u0219i ai minorit\u0103\u021bilor na\u021bionale. \u00cent\u00e2lnirea va avea loc la Palatul Cotroceni \u0219i este programat\u0103 la &hellip; <a href=\"https:\/\/microscopemedia.com\/?p=689474\" class=\"more-link\">Read More<\/a><\/p>\n","protected":false},"author":1,"featured_media":689475,"comment_status":"closed","ping_status":"closed","sticky":false,"template":"Default","format":"standard","meta":[],"categories":[1],"tags":[],"_links":{"self":[{"href":"https:\/\/microscopemedia.com\/index.php?rest_route=\/wp\/v2\/posts\/689474"}],"collection":[{"href":"https:\/\/microscopemedia.com\/index.php?rest_route=\/wp\/v2\/posts"}],"about":[{"href":"https:\/\/microscopemedia.com\/index.php?rest_route=\/wp\/v2\/types\/post"}],"author":[{"embeddable":true,"href":"https:\/\/microscopemedia.com\/index.php?rest_route=\/wp\/v2\/users\/1"}],"replies":[{"embeddable":true,"href":"https:\/\/microscopemedia.com\/index.php?rest_route=%2Fwp%2Fv2%2Fcomments&post=689474"}],"version-history":[{"count":0,"href":"https:\/\/microscopemedia.com\/index.php?rest_route=\/wp\/v2\/posts\/689474\/revisions"}],"wp:featuredmedia":[{"embeddable":true,"href":"https:\/\/microscopemedia.com\/index.php?rest_route=\/wp\/v2\/media\/689475"}],"wp:attachment":[{"href":"https:\/\/microscopemedia.com\/index.php?rest_route=%2Fwp%2Fv2%2Fmedia&parent=689474"}],"wp:term":[{"taxonomy":"category","embeddable":true,"href":"https:\/\/microscopemedia.com\/index.php?rest_route=%2Fwp%2Fv2%2Fcategories&post=689474"},{"taxonomy":"post_tag","embeddable":true,"href":"https:\/\/microscopemedia.com\/index.php?rest_route=%2Fwp%2Fv2%2Ftags&post=689474"}],"curies":[{"name":"wp","href":"https:\/\/api.w.org\/{rel}","templated":true}]}}