{"id":689482,"date":"2026-04-27T05:46:04","date_gmt":"2026-04-27T05:46:04","guid":{"rendered":"https:\/\/microscopemedia.com\/?p=689482"},"modified":"2026-04-27T05:46:04","modified_gmt":"2026-04-27T05:46:04","slug":"operatiunea-jupiter-185-de-perchezitii-in-76-de-dosare-penale-vizand-incalcarea-drepturilor-de-proprietate-intelectuala","status":"publish","type":"post","link":"https:\/\/microscopemedia.com\/?p=689482","title":{"rendered":"Opera\u021biunea Jupiter: 185 de perchezi\u021bii \u00een 76 de dosare penale viz\u00e2nd \u00eenc\u0103lcarea drepturilor de proprietate intelectual\u0103"},"content":{"rendered":"<div><img decoding=\"async\" src=\"https:\/\/microscopemedia.com\/wp-content\/uploads\/2026\/04\/operatiunea-jupiter-185-de-perchezitii-in-76-de-dosare-penale-vizand-incalcarea-drepturilor-de-proprietate-intelectuala.png\" class=\"ff-og-image-inserted\"><\/div>\n<p id=\"p-0\">\u201eAst\u0103zi, 27 aprilie, \u00een contextul Zilei Interna\u0163ionale a Propriet\u0103\u0163ii Intelectuale, celebrat\u0103 \u00een fiecare an la 26 aprilie, sub coordonarea Parchetului de pe l\u00e2ng\u0103 \u00cenalta Curte de Casa\u0163ie \u015fi Justi\u0163ie \u015fi a Inspectoratului General al Poli\u0163iei Rom\u00e2ne, sunt desf\u0103\u015furate ac\u0163iuni, la nivel na\u0163ional, pentru combaterea infrac\u0163iunilor la regimul drepturilor de proprietate intelectual\u0103\u201d, anun\u0163\u0103 Parchetul General \u015fi IGPR.<\/p>\n<p id=\"p-1\">Poli\u021bi\u0219tii de la investigarea criminalit\u0103\u021bii economice \u0219i procurorii instrumenteaz\u0103 76 de dosare penale, \u00een cadrul c\u0103rora se vor pune \u00een aplicare 185 de mandate de perchezi\u021bie domiciliar\u0103 \u0219i 25 de mandate de aducere. De asemenea, anchetatorii vor institui sechestre asigur\u0103torii \u0219i vor indisponibiliza bunuri provenite din infrac\u021biuni.<\/p>\n<p id=\"p-2\">Concret, sunt vizate, \u00een principal, fapte care \u00eencalc\u0103 Legea nr. 84\/1998 privind m\u0103rcile \u0219i indica\u021biile geografice, precum \u0219i Legea nr. 8\/1996 privind drepturile de autor, incluz\u00e2nd contrafacerea \u0219i pirateria.<\/p>\n<p id=\"p-3\">\u00cen paralel cu perchezi\u021biile, la nivelul a 17 unit\u0103\u021bi teritoriale de poli\u021bie, se desf\u0103\u0219oar\u0103 ac\u021biuni de verificare \u0219i constatare \u00een flagrant delict a infrac\u021biunilor din acest domeniu, potrivit sursei citate.<\/p>\n<p id=\"p-4\">\u201eMen\u021bion\u0103m c\u0103 protec\u021bia drepturilor de proprietate intelectual\u0103 reprezint\u0103 unul dintre obiectivele institu\u021bionale strategice asumate la nivelul structurilor de aplicare a legii din Rom\u00e2nia, \u00een conformitate cu obiectivele \u0219i priorit\u0103\u021bile stabilite prin Hot\u0103r\u00e2rea Guvernului nr. 1.272\/2023 privind aprobarea Strategiei na\u021bionale \u00een domeniul propriet\u0103\u021bii intelectuale 2024-2028 \u0219i a Planului de Ac\u021biune \u00een domeniul propriet\u0103\u021bii intelectuale 2024-2028, activit\u0103\u021bile desf\u0103\u0219urate \u00een domeniu av\u00e2nd caracter de continuitate\u201d, mai men\u021bioneaz\u0103 sursa citat\u0103.<\/p>\n<p id=\"p-5\">Autorit\u0103\u021bile au precizat c\u0103 vor oferi detalii suplimentare pe m\u0103sur\u0103 ce opera\u021biunea avanseaz\u0103.<\/p>\n","protected":false},"excerpt":{"rendered":"<p>\u201eAst\u0103zi, 27 aprilie, \u00een contextul Zilei Interna\u0163ionale a Propriet\u0103\u0163ii Intelectuale, celebrat\u0103 \u00een fiecare an la 26 aprilie, sub coordonarea Parchetului de pe l\u00e2ng\u0103 \u00cenalta Curte de Casa\u0163ie \u015fi Justi\u0163ie \u015fi &hellip; <a href=\"https:\/\/microscopemedia.com\/?p=689482\" class=\"more-link\">Read More<\/a><\/p>\n","protected":false},"author":1,"featured_media":689483,"comment_status":"closed","ping_status":"closed","sticky":false,"template":"Default","format":"standard","meta":[],"categories":[1],"tags":[],"_links":{"self":[{"href":"https:\/\/microscopemedia.com\/index.php?rest_route=\/wp\/v2\/posts\/689482"}],"collection":[{"href":"https:\/\/microscopemedia.com\/index.php?rest_route=\/wp\/v2\/posts"}],"about":[{"href":"https:\/\/microscopemedia.com\/index.php?rest_route=\/wp\/v2\/types\/post"}],"author":[{"embeddable":true,"href":"https:\/\/microscopemedia.com\/index.php?rest_route=\/wp\/v2\/users\/1"}],"replies":[{"embeddable":true,"href":"https:\/\/microscopemedia.com\/index.php?rest_route=%2Fwp%2Fv2%2Fcomments&post=689482"}],"version-history":[{"count":0,"href":"https:\/\/microscopemedia.com\/index.php?rest_route=\/wp\/v2\/posts\/689482\/revisions"}],"wp:featuredmedia":[{"embeddable":true,"href":"https:\/\/microscopemedia.com\/index.php?rest_route=\/wp\/v2\/media\/689483"}],"wp:attachment":[{"href":"https:\/\/microscopemedia.com\/index.php?rest_route=%2Fwp%2Fv2%2Fmedia&parent=689482"}],"wp:term":[{"taxonomy":"category","embeddable":true,"href":"https:\/\/microscopemedia.com\/index.php?rest_route=%2Fwp%2Fv2%2Fcategories&post=689482"},{"taxonomy":"post_tag","embeddable":true,"href":"https:\/\/microscopemedia.com\/index.php?rest_route=%2Fwp%2Fv2%2Ftags&post=689482"}],"curies":[{"name":"wp","href":"https:\/\/api.w.org\/{rel}","templated":true}]}}