{"id":689486,"date":"2026-04-27T06:16:04","date_gmt":"2026-04-27T06:16:04","guid":{"rendered":"https:\/\/microscopemedia.com\/?p=689486"},"modified":"2026-04-27T06:16:04","modified_gmt":"2026-04-27T06:16:04","slug":"perchezitii-in-gorj-la-persoane-care-ar-fi-preluat-si-republicat-stiri-fara-drept","status":"publish","type":"post","link":"https:\/\/microscopemedia.com\/?p=689486","title":{"rendered":"Perchezi\u021bii \u00een Gorj la persoane care ar fi preluat \u0219i republicat \u0219tiri f\u0103r\u0103 drept"},"content":{"rendered":"<div><img decoding=\"async\" src=\"https:\/\/microscopemedia.com\/wp-content\/uploads\/2026\/04\/perchezitii-in-gorj-la-persoane-care-ar-fi-preluat-si-republicat-stiri-fara-drept.jpg\" class=\"ff-og-image-inserted\"><\/div>\n<p id=\"p-0\">Potrivit IPJ Gorj, perchezi\u021biile au fost f\u0103cute de poli\u021bi\u0219ti din cadrul Serviciului de Investigare a Crimimalit\u0103\u021bii Economice la domiciliile \u0219i sediile unor persoane fizice \u0219i juridice.<\/p>\n<p id=\"p-1\">Din cercet\u0103ri a reie\u0219it c\u0103, din 2023 \u0219i p\u00e2n\u0103 \u00een prezent, acestea ar fi exploatat o re\u021bea de site-uri de \u0219tiri, prin intermediul c\u0103rora ar fi preluat \u0219i republicat, f\u0103r\u0103 drept, articole jurnalistice apar\u021bin\u00e2nd altor entit\u0103\u021bi media, utiliz\u00e2nd fluxuri RSS \u0219i f\u0103r\u0103 indicarea corespunz\u0103toare a sursei.<\/p>\n<p id=\"p-2\">Poli\u021bi\u0219tii spun c\u0103 ar fi create \u201esite-uri oglind\u0103\u201d, prin care a fost generat con\u021binut \u00een mod automat, \u00een scopul ob\u021binerii de trafic online \u0219i beneficii materiale, cu \u00eenc\u0103lcarea drepturilor de autor \u0219i a drepturilor de proprietate intelectual\u0103.<\/p>\n<p id=\"p-3\">\u00cen cauz\u0103, se fac cercet\u0103ri sub aspectul s\u0103v\u00e2r\u0219irii infrac\u021biunilor prev\u0103zute de art. 194 din Legea nr. 8\/1996 privind dreptul de autor \u0219i drepturile conexe, precum \u0219i art. 102 alin. 1 lit. b din Legea nr. 84\/1998 privind m\u0103rcile \u0219i indica\u021biile geografice.<\/p>\n","protected":false},"excerpt":{"rendered":"<p>Potrivit IPJ Gorj, perchezi\u021biile au fost f\u0103cute de poli\u021bi\u0219ti din cadrul Serviciului de Investigare a Crimimalit\u0103\u021bii Economice la domiciliile \u0219i sediile unor persoane fizice \u0219i juridice. Din cercet\u0103ri a reie\u0219it &hellip; <a href=\"https:\/\/microscopemedia.com\/?p=689486\" class=\"more-link\">Read More<\/a><\/p>\n","protected":false},"author":1,"featured_media":689487,"comment_status":"closed","ping_status":"closed","sticky":false,"template":"Default","format":"standard","meta":[],"categories":[1],"tags":[],"_links":{"self":[{"href":"https:\/\/microscopemedia.com\/index.php?rest_route=\/wp\/v2\/posts\/689486"}],"collection":[{"href":"https:\/\/microscopemedia.com\/index.php?rest_route=\/wp\/v2\/posts"}],"about":[{"href":"https:\/\/microscopemedia.com\/index.php?rest_route=\/wp\/v2\/types\/post"}],"author":[{"embeddable":true,"href":"https:\/\/microscopemedia.com\/index.php?rest_route=\/wp\/v2\/users\/1"}],"replies":[{"embeddable":true,"href":"https:\/\/microscopemedia.com\/index.php?rest_route=%2Fwp%2Fv2%2Fcomments&post=689486"}],"version-history":[{"count":0,"href":"https:\/\/microscopemedia.com\/index.php?rest_route=\/wp\/v2\/posts\/689486\/revisions"}],"wp:featuredmedia":[{"embeddable":true,"href":"https:\/\/microscopemedia.com\/index.php?rest_route=\/wp\/v2\/media\/689487"}],"wp:attachment":[{"href":"https:\/\/microscopemedia.com\/index.php?rest_route=%2Fwp%2Fv2%2Fmedia&parent=689486"}],"wp:term":[{"taxonomy":"category","embeddable":true,"href":"https:\/\/microscopemedia.com\/index.php?rest_route=%2Fwp%2Fv2%2Fcategories&post=689486"},{"taxonomy":"post_tag","embeddable":true,"href":"https:\/\/microscopemedia.com\/index.php?rest_route=%2Fwp%2Fv2%2Ftags&post=689486"}],"curies":[{"name":"wp","href":"https:\/\/api.w.org\/{rel}","templated":true}]}}