{"id":689502,"date":"2026-04-27T07:46:04","date_gmt":"2026-04-27T07:46:04","guid":{"rendered":"https:\/\/microscopemedia.com\/?p=689502"},"modified":"2026-04-27T07:46:04","modified_gmt":"2026-04-27T07:46:04","slug":"carmistin-the-food-company-isi-consolideaza-pozitia-de-lider-in-sectorul-avicol-din-romania-prin-dublarea-productiei-in-ultimii-doi-ani","status":"publish","type":"post","link":"https:\/\/microscopemedia.com\/?p=689502","title":{"rendered":"Carmistin The Food Company \u00ee\u0219i consolideaz\u0103 pozi\u021bia de lider \u00een sectorul avicol din Rom\u00e2nia, prin dublarea produc\u021biei \u00een ultimii doi ani"},"content":{"rendered":"<p id=\"p-0\">\u00cen primul trimestru din 2026, compania a \u00eenregistrat cel mai ridicat volum trimestrial din istoria sa, marc\u00e2nd o cre\u0219tere de peste 27% fa\u021b\u0103 de aceea\u0219i perioad\u0103 a anului trecut.<\/p>\n<div class=\"single__inline-gallery color-white mg-bottom-20 bg-black padding-5 md:rounded-10\">\n<div class=\"md:rounded-5 display-grid xs:grid-cols-2 grid-cols-3 gap-5\">\n<div class=\"single__inline-gallery-image relative column-span-2 row-span-2\">\n                <a href=\"https:\/\/www.mediafax.ro\/poze\/carmistin-the-food-company-isi-consolideaza-pozitia-de-lider-in-sectorul-avicol-din-romania-prin-dublarea-productiei-in-ultimii-doi-ani-23727042\"><br \/>\n                    <img decoding=\"async\" loading=\"lazy\" src=\"https:\/\/microscopemedia.com\/wp-content\/uploads\/2026\/04\/carmistin-the-food-company-isi-consolideaza-pozitia-de-lider-in-sectorul-avicol-din-romania-prin-dublarea-productiei-in-ultimii-doi-ani.jpg\" width=\"700\" height=\"450\"><br \/>\n                <\/a>\n                            <\/div>\n<div class=\"single__inline-gallery-image relative \">\n                <a href=\"https:\/\/www.mediafax.ro\/poze\/carmistin-the-food-company-isi-consolideaza-pozitia-de-lider-in-sectorul-avicol-din-romania-prin-dublarea-productiei-in-ultimii-doi-ani-23727042\"><br \/>\n                    <img decoding=\"async\" loading=\"lazy\" src=\"https:\/\/microscopemedia.com\/wp-content\/uploads\/2026\/04\/carmistin-the-food-company-isi-consolideaza-pozitia-de-lider-in-sectorul-avicol-din-romania-prin-dublarea-productiei-in-ultimii-doi-ani-1.jpg\" width=\"700\" height=\"450\"><br \/>\n                <\/a>\n                            <\/div>\n<\/p><\/div>\n<\/p><\/div>\n<p id=\"p-1\">Aceast\u0103 evolu\u021bie a fost sus\u021binut\u0103 de extinderea accelerat\u0103 pe pie\u021bele externe, inclusiv \u00een afara UE, \u00een regiuni precum Asia \u0219i Africa. Exporturile reprezint\u0103 un pilon tot mai important al dezvolt\u0103rii Grupului, ajung\u00e2nd la aproximativ o treime din totalul v\u00e2nz\u0103rilor \u00een 2025 \u0219i \u00eenregistr\u00e2nd o cre\u0219tere constant\u0103 \u00een ultimii ani.<\/p>\n<p id=\"p-2\">Prezen\u021ba interna\u021bional\u0103 a companiei acoper\u0103 \u00een prezent peste 40 de \u021b\u0103ri, iar strategia de dezvoltare vizeaz\u0103 consolidarea acestei pozi\u021bii prin deschiderea de reprezentan\u021be pe pie\u021bele non-europene, pentru a sus\u021bine at\u00e2t absorb\u021bia produc\u021biei, c\u00e2t \u0219i cre\u0219terea relevan\u021bei la nivel global.<\/p>\n<p id=\"p-3\">Rezultatele opera\u021bionale sunt sus\u021binute de cea mai important\u0103 investi\u021bie realizat\u0103 de Grupul Carmistin \u00een peste dou\u0103 decenii de activitate: inaugurarea, la Fr\u00e2nce\u0219ti, jude\u021bul V\u00e2lcea, a uneia dintre cele mai complexe facilit\u0103\u021bi de produc\u021bie carne pui din regiune. Proiectul, \u00een valoare de circa 80 milioane euro, devenit opera\u021bional din toamna anului 2024, integreaz\u0103 tehnologii de ultim\u0103 genera\u021bie, inclusiv solu\u021bii asistate de inteligen\u021b\u0103 artificial\u0103, care optimizeaz\u0103 procesele \u0219i contribuie la cre\u0219terea eficien\u021bei \u0219i siguran\u021bei alimentare.<\/p>\n<p id=\"p-4\"><strong>Justin Paraschiv, fondator \u0219i pre\u0219edinte Carmistin The Food Company: <\/strong><em>\u201ePerforman\u021bele la care am ajuns marcheaz\u0103 un moment de referin\u021b\u0103 pentru noi \u0219i confirm\u0103 capacitatea noastr\u0103 de a opera la scar\u0103 larg\u0103. Privim, \u00eens\u0103, dincolo de rezultate: obiectivul nostru este ca, \u00een urm\u0103torul deceniu, s\u0103 devenim un furnizor global de hran\u0103 \u0219i unul dintre liderii europeni \u00een produc\u021bia de alimente, prin diversificarea portofoliului de produse, inclusiv \u00een segmentul BIO \u0219i prin men\u021binerea celor mai \u00eenalte standarde de calitate, care ne definesc de peste dou\u0103 decenii.<\/em><\/p>\n<p id=\"p-5\">La nivel financiar, Grupul Carmistin a \u00eenregistrat, \u00een 2025, o cifr\u0103 de afaceri consolidat\u0103 de peste 2 miliarde lei, \u00eent\u0103rindu-\u0219i pozi\u021bia de lider \u00een categoria sa de business. Pentru anul 2026, Carmistin estimeaz\u0103 o produc\u021bie total\u0103 de 150.000 tone carne pui.<\/p>\n<h2 id=\"chapter-0\"><strong>Despre Carmistin The Food Company<\/strong><\/h2>\n<p id=\"p-6\">Ca urmare a investi\u021biilor recente, Carmistin The Food Company, cu brandul de top <strong><em>La Provincia<\/em><\/strong> pe pia\u021ba local\u0103, a devenit, anul trecut, \u0219i noul lider na\u021bional \u00een produc\u021bia de furaje, cu o capacitate anual\u0103 de produc\u021bie de peste 735.000 tone, inclusiv \u00een segmentul BIO.<\/p>\n<p id=\"p-7\">Grupul reune\u0219te peste 50 companii active \u00een produc\u021bia de carne de pas\u0103re \u0219i ou\u0103, cultivarea cerealelor, precum \u0219i cre\u0219terea porcilor \u0219i bovinelor. Cu capital 100% rom\u00e2nesc \u0219i peste dou\u0103 decenii de experien\u021b\u0103, Carmistin a dezvoltat un model de business integrat pe \u00eentreg lan\u021bul de produc\u021bie alimentar\u0103, care sus\u021bine eficien\u021ba opera\u021bional\u0103 \u0219i controlul calit\u0103\u021bii produselor.<\/p>\n","protected":false},"excerpt":{"rendered":"<p>\u00cen primul trimestru din 2026, compania a \u00eenregistrat cel mai ridicat volum trimestrial din istoria sa, marc\u00e2nd o cre\u0219tere de peste 27% fa\u021b\u0103 de aceea\u0219i perioad\u0103 a anului trecut. Aceast\u0103 &hellip; <a href=\"https:\/\/microscopemedia.com\/?p=689502\" class=\"more-link\">Read More<\/a><\/p>\n","protected":false},"author":1,"featured_media":689503,"comment_status":"closed","ping_status":"closed","sticky":false,"template":"Default","format":"standard","meta":[],"categories":[1],"tags":[],"_links":{"self":[{"href":"https:\/\/microscopemedia.com\/index.php?rest_route=\/wp\/v2\/posts\/689502"}],"collection":[{"href":"https:\/\/microscopemedia.com\/index.php?rest_route=\/wp\/v2\/posts"}],"about":[{"href":"https:\/\/microscopemedia.com\/index.php?rest_route=\/wp\/v2\/types\/post"}],"author":[{"embeddable":true,"href":"https:\/\/microscopemedia.com\/index.php?rest_route=\/wp\/v2\/users\/1"}],"replies":[{"embeddable":true,"href":"https:\/\/microscopemedia.com\/index.php?rest_route=%2Fwp%2Fv2%2Fcomments&post=689502"}],"version-history":[{"count":0,"href":"https:\/\/microscopemedia.com\/index.php?rest_route=\/wp\/v2\/posts\/689502\/revisions"}],"wp:featuredmedia":[{"embeddable":true,"href":"https:\/\/microscopemedia.com\/index.php?rest_route=\/wp\/v2\/media\/689503"}],"wp:attachment":[{"href":"https:\/\/microscopemedia.com\/index.php?rest_route=%2Fwp%2Fv2%2Fmedia&parent=689502"}],"wp:term":[{"taxonomy":"category","embeddable":true,"href":"https:\/\/microscopemedia.com\/index.php?rest_route=%2Fwp%2Fv2%2Fcategories&post=689502"},{"taxonomy":"post_tag","embeddable":true,"href":"https:\/\/microscopemedia.com\/index.php?rest_route=%2Fwp%2Fv2%2Ftags&post=689502"}],"curies":[{"name":"wp","href":"https:\/\/api.w.org\/{rel}","templated":true}]}}