{"id":689504,"date":"2026-04-27T08:06:04","date_gmt":"2026-04-27T08:06:04","guid":{"rendered":"https:\/\/microscopemedia.com\/?p=689504"},"modified":"2026-04-27T08:06:04","modified_gmt":"2026-04-27T08:06:04","slug":"fenechiu-pnl-n-as-exclude-o-discutie-cu-aur-dar-prima-optiune-este-psd","status":"publish","type":"post","link":"https:\/\/microscopemedia.com\/?p=689504","title":{"rendered":"Fenechiu (PNL): N-a\u0219 exclude o discu\u021bie cu AUR, dar prima op\u021biune este PSD"},"content":{"rendered":"<div><img decoding=\"async\" src=\"https:\/\/microscopemedia.com\/wp-content\/uploads\/2026\/04\/fenechiu-pnl-n-as-exclude-o-discutie-cu-aur-dar-prima-optiune-este-psd.jpg\" class=\"ff-og-image-inserted\"><\/div>\n<p id=\"p-0\">Liderul senatorilor PNL, Daniel Fenechiu, a vorbit luni, la RFI, despre actuala situa\u021bie politic\u0103 din \u021bar\u0103, \u00een contextul \u00een care la \u00eenceputul s\u0103pt\u0103m\u00e2nii trecute, PSD a retras sprijinul politic pentru premierul Ilie Bolojan, iar c\u00e2teva zile mai t\u00e2rziu, mini\u0219trii PSD \u0219i-au depus demisiile.<\/p>\n<p id=\"p-1\">Fenechiu a subliniat c\u0103 liberalii \u00eencearc\u0103 s\u0103 asigure supravie\u021buirea politic\u0103 a Guvernului.<\/p>\n<p id=\"p-2\">\u201e\u00cencerc\u0103m s\u0103 convingem colegi parlamentari de peste tot, domnule, ar fi r\u0103u pentru Rom\u00e2nia s\u0103 pice Guvernul \u0219i s\u0103 urmeze o perioad\u0103 de instabilitate, mai ales din perspectiv\u0103 PNRR, SAFE \u0219i ce ne-am angajat s\u0103 facem\u201d, a spus Fenechiu la RFI.<\/p>\n<p id=\"p-3\">Liberalul a mai spus, \u00een nume personal, c\u0103 dac\u0103 \u201estabilitatea guvernamental\u0103 ar \u021bine de o \u00een\u021belegere transparent\u0103 cu AUR\u201d, nu ar fi \u00eempotriva unei discu\u021bii cu aceast\u0103 forma\u021biune.<\/p>\n<p id=\"p-4\">Eu sunt mai pu\u021bin ipocrit dec\u00e2t mul\u021bi al\u021bii. \u00cen ipoteza \u00een care stabilitatea guvernamental\u0103 ar \u021bine de o \u00een\u021belegere transparent\u0103 cu AUR, eu nu a\u0219 avea o problem\u0103 din punctul \u0103sta de vedere. Nu s\u0103-i aduc la guvernare, se pare c\u0103 nici ei nu ar vrea, ci pur \u0219i simplu \u00een mod transparent s\u0103 spun: b\u0103i, tat\u0103, eu ca s\u0103 fac tot proiectul \u0103sta de m\u0103suri p\u00e2n\u0103 \u00een august, am nevoie de stabilitate. \u0218i a\u0219 discuta, f\u0103r\u0103 discu\u021bie\u201d, a explicat Fenechiu.<\/p>\n<h2 id=\"chapter-0\">Fenechiu: Primele discu\u021bii ar trebui s\u0103 fie, totu\u0219i, cu PSD<\/h2>\n<p id=\"p-5\">Liderul senatorilor liberali a mai precizat, la RFI, c\u0103 primele discu\u021bii ale PNL ar trebui s\u0103 fie, totu\u0219i, cu PSD \u0219i cu parlamentarii neafilia\u021bi.<\/p>\n<p id=\"p-6\">\u201ePrima discu\u021bie a\u0219 face-o cu PSD. A doua discu\u021bie a\u0219 \u00eencerca s\u0103 v\u0103d dac\u0103 nu a\u0219 putea s\u0103 coagulez totu\u0219i din parlamentarii afla\u021bi \u00een partidele mai mici sau cei care sunt neafilia\u021bi, independen\u021bi. Bun, a\u0219 \u00eencerca s\u0103 coagulez, dar n-a\u0219 exclude, \u00een ipoteza derul\u0103rii lucrurilor, nici o discu\u021bie cu AUR. E punctul meu de vedere, nu \u00eenseamn\u0103 punctul PNL\u201d, a explicat senatorul PNL.<\/p>\n","protected":false},"excerpt":{"rendered":"<p>Liderul senatorilor PNL, Daniel Fenechiu, a vorbit luni, la RFI, despre actuala situa\u021bie politic\u0103 din \u021bar\u0103, \u00een contextul \u00een care la \u00eenceputul s\u0103pt\u0103m\u00e2nii trecute, PSD a retras sprijinul politic pentru &hellip; <a href=\"https:\/\/microscopemedia.com\/?p=689504\" class=\"more-link\">Read More<\/a><\/p>\n","protected":false},"author":1,"featured_media":689505,"comment_status":"closed","ping_status":"closed","sticky":false,"template":"Default","format":"standard","meta":[],"categories":[1],"tags":[],"_links":{"self":[{"href":"https:\/\/microscopemedia.com\/index.php?rest_route=\/wp\/v2\/posts\/689504"}],"collection":[{"href":"https:\/\/microscopemedia.com\/index.php?rest_route=\/wp\/v2\/posts"}],"about":[{"href":"https:\/\/microscopemedia.com\/index.php?rest_route=\/wp\/v2\/types\/post"}],"author":[{"embeddable":true,"href":"https:\/\/microscopemedia.com\/index.php?rest_route=\/wp\/v2\/users\/1"}],"replies":[{"embeddable":true,"href":"https:\/\/microscopemedia.com\/index.php?rest_route=%2Fwp%2Fv2%2Fcomments&post=689504"}],"version-history":[{"count":0,"href":"https:\/\/microscopemedia.com\/index.php?rest_route=\/wp\/v2\/posts\/689504\/revisions"}],"wp:featuredmedia":[{"embeddable":true,"href":"https:\/\/microscopemedia.com\/index.php?rest_route=\/wp\/v2\/media\/689505"}],"wp:attachment":[{"href":"https:\/\/microscopemedia.com\/index.php?rest_route=%2Fwp%2Fv2%2Fmedia&parent=689504"}],"wp:term":[{"taxonomy":"category","embeddable":true,"href":"https:\/\/microscopemedia.com\/index.php?rest_route=%2Fwp%2Fv2%2Fcategories&post=689504"},{"taxonomy":"post_tag","embeddable":true,"href":"https:\/\/microscopemedia.com\/index.php?rest_route=%2Fwp%2Fv2%2Ftags&post=689504"}],"curies":[{"name":"wp","href":"https:\/\/api.w.org\/{rel}","templated":true}]}}