{"id":689506,"date":"2026-04-27T08:16:04","date_gmt":"2026-04-27T08:16:04","guid":{"rendered":"https:\/\/microscopemedia.com\/?p=689506"},"modified":"2026-04-27T08:16:04","modified_gmt":"2026-04-27T08:16:04","slug":"george-simion-dupa-demersul-comun-cu-psd-aur-intreprinde-toate-masurile-pentru-a-da-jos-aceasta-guvernare","status":"publish","type":"post","link":"https:\/\/microscopemedia.com\/?p=689506","title":{"rendered":"George Simion dup\u0103 demersul comun cu PSD: AUR \u00eentreprinde toate m\u0103surile pentru a da jos aceast\u0103 guvernare"},"content":{"rendered":"<div><img decoding=\"async\" src=\"https:\/\/microscopemedia.com\/wp-content\/uploads\/2026\/04\/george-simion-dupa-demersul-comun-cu-psd-aur-intreprinde-toate-masurile-pentru-a-da-jos-aceasta-guvernare.jpg\" class=\"ff-og-image-inserted\"><\/div>\n<p id=\"p-0\">Declara\u021biile au fost f\u0103cute luni diminea\u021b\u0103 \u00een cadrul unei conferin\u021be de pres\u0103.<\/p>\n<p id=\"p-1\">\u201eAUR \u00eentreprinde toate m\u0103surile pentru a da jos aceast\u0103 guvernare, aceast\u0103 coali\u021bie care a adus doar s\u0103r\u0103cie (\u2026) Decizia AUR este de a da jos Guvernul Bolojan\u201d, a explicat George Simion.<\/p>\n<p id=\"p-2\">Mo\u021biunea de cenzur\u0103 va fi depus\u0103 dup\u0103 ce vor fi str\u00e2nse semn\u0103turile necesare. Dac\u0103 totul va merge conform planului \u201epe 5 mai vom avea un vot pentru debarcarea Guvernului Bolojan\u201d, a mai spus Simion.<\/p>\n<p id=\"p-3\">\u201eNoi dialog\u0103m cu to\u021bi actorii politici, primeaz\u0103 interesul cet\u0103\u021benilor \u0219i al firmelor rom\u00e2ne\u0219ti (\u2026) Fac un apel la to\u021bi parlamentarii indiferent de coloratura politic\u0103 s\u0103 \u00een\u021beleag\u0103 c\u0103 suntem \u00een criz\u0103\u201d, a transmis Simion<\/p>\n<p id=\"p-4\">Anterior, Marian Neac\u0219u de la PSD \u0219i Petri\u0219or Peiu de la AUR au sus\u021binut o conferin\u021b\u0103 de pres\u0103 comun\u0103 \u00een care au anun\u021bat c\u0103 preg\u0103tesc o mo\u021biune de cenzur\u0103.<\/p>\n<p id=\"p-5\">\u201eS-a decis ca noi s\u0103 ne ocup\u0103m de partea tehnic\u0103 a unei mo\u021biuni de cenzur\u0103 abordarea politic\u0103 va fi stabilit\u0103 de pre\u0219edin\u021bii celor dou\u0103 partide probabil pe parcursul acestei zile\u201d, a declarat social-democratul Marian Neac\u0219u.<\/p>\n<p id=\"p-6\">Petri\u0219or Peiu a confirmat demersul realizat \u00een comun cu PSD.<\/p>\n<p id=\"p-7\">\u201eFacem un demers comun de redactarea unei mo\u021biuni de cenzur\u0103 (\u2026) cu scopul de a demite guvernul Bolojan\u201d, a declarat Petri\u0219or Peiu de la AUR.<\/p>\n","protected":false},"excerpt":{"rendered":"<p>Declara\u021biile au fost f\u0103cute luni diminea\u021b\u0103 \u00een cadrul unei conferin\u021be de pres\u0103. \u201eAUR \u00eentreprinde toate m\u0103surile pentru a da jos aceast\u0103 guvernare, aceast\u0103 coali\u021bie care a adus doar s\u0103r\u0103cie (\u2026) &hellip; <a href=\"https:\/\/microscopemedia.com\/?p=689506\" class=\"more-link\">Read More<\/a><\/p>\n","protected":false},"author":1,"featured_media":689507,"comment_status":"closed","ping_status":"closed","sticky":false,"template":"Default","format":"standard","meta":[],"categories":[1],"tags":[],"_links":{"self":[{"href":"https:\/\/microscopemedia.com\/index.php?rest_route=\/wp\/v2\/posts\/689506"}],"collection":[{"href":"https:\/\/microscopemedia.com\/index.php?rest_route=\/wp\/v2\/posts"}],"about":[{"href":"https:\/\/microscopemedia.com\/index.php?rest_route=\/wp\/v2\/types\/post"}],"author":[{"embeddable":true,"href":"https:\/\/microscopemedia.com\/index.php?rest_route=\/wp\/v2\/users\/1"}],"replies":[{"embeddable":true,"href":"https:\/\/microscopemedia.com\/index.php?rest_route=%2Fwp%2Fv2%2Fcomments&post=689506"}],"version-history":[{"count":0,"href":"https:\/\/microscopemedia.com\/index.php?rest_route=\/wp\/v2\/posts\/689506\/revisions"}],"wp:featuredmedia":[{"embeddable":true,"href":"https:\/\/microscopemedia.com\/index.php?rest_route=\/wp\/v2\/media\/689507"}],"wp:attachment":[{"href":"https:\/\/microscopemedia.com\/index.php?rest_route=%2Fwp%2Fv2%2Fmedia&parent=689506"}],"wp:term":[{"taxonomy":"category","embeddable":true,"href":"https:\/\/microscopemedia.com\/index.php?rest_route=%2Fwp%2Fv2%2Fcategories&post=689506"},{"taxonomy":"post_tag","embeddable":true,"href":"https:\/\/microscopemedia.com\/index.php?rest_route=%2Fwp%2Fv2%2Ftags&post=689506"}],"curies":[{"name":"wp","href":"https:\/\/api.w.org\/{rel}","templated":true}]}}