{"id":689508,"date":"2026-04-27T08:26:04","date_gmt":"2026-04-27T08:26:04","guid":{"rendered":"https:\/\/microscopemedia.com\/?p=689508"},"modified":"2026-04-27T08:26:04","modified_gmt":"2026-04-27T08:26:04","slug":"george-simion-sa-ajungem-la-300-de-parlamentari-asa-cum-au-votat-romanii","status":"publish","type":"post","link":"https:\/\/microscopemedia.com\/?p=689508","title":{"rendered":"George Simion: S\u0103 ajungem la 300 de parlamentari, a\u0219a cum au votat rom\u00e2nii"},"content":{"rendered":"<div><img decoding=\"async\" src=\"https:\/\/microscopemedia.com\/wp-content\/uploads\/2026\/04\/george-simion-sa-ajungem-la-300-de-parlamentari-asa-cum-au-votat-romanii.jpg\" class=\"ff-og-image-inserted\"><\/div>\n<p id=\"p-0\"><span class=\"cursor-pointer group\" title=\"Reda\u021bi \u00eencep\u00e2nd de la 3:17\"><span class=\"group-hover:bg-base-200 rounded p-0.5 -m-0.5\" data-start=\"197040\" data-end=\"201480\">Demersurile AUR se vor concretiza \u00een ini\u021biative depuse \u00een birourile permanente ale celor dou\u0103 camere ale Parlamentului.<\/span><\/span><\/p>\n<p id=\"p-1\"><span class=\"cursor-pointer group\" title=\"Reda\u021bi \u00eencep\u00e2nd de la 3:17\"><span class=\"group-hover:bg-base-200 rounded p-0.5 -m-0.5\" data-start=\"197040\" data-end=\"201480\">\u201eAst\u0103zi la ora 12, \u00een Biroul Permanent al Senatului<\/span><\/span>&nbsp;<span class=\"cursor-pointer group\" title=\"Reda\u021bi \u00eencep\u00e2nd de la 3:21\"><span class=\"group-hover:bg-base-200 rounded p-0.5 -m-0.5\" data-start=\"201480\" data-end=\"206100\">\u0219i la ora 13.30, \u00een Biroul Permanent al Camerei Deputa\u021bilor<\/span><\/span>&nbsp;<span class=\"cursor-pointer group\" title=\"Reda\u021bi \u00eencep\u00e2nd de la 3:26\"><span class=\"group-hover:bg-base-200 rounded p-0.5 -m-0.5\" data-start=\"206100\" data-end=\"210200\">vom cere punerea pe ordinea de zi sub rezerva<\/span><\/span>&nbsp;<span class=\"cursor-pointer group\" title=\"Reda\u021bi \u00eencep\u00e2nd de la 3:30\"><span class=\"group-hover:bg-base-200 rounded p-0.5 -m-0.5\" data-start=\"210200\" data-end=\"213260\">primirii raportului din partea comisiilor raportoare<\/span><\/span>&nbsp;<span class=\"cursor-pointer group\" title=\"Reda\u021bi \u00eencep\u00e2nd de la 3:33\"><span class=\"group-hover:bg-base-200 rounded p-0.5 -m-0.5\" data-start=\"213260\" data-end=\"217620\">a legilor ini\u021biate de noi cu privire la reducerea<\/span><\/span>&nbsp;<span class=\"cursor-pointer group\" title=\"Reda\u021bi \u00eencep\u00e2nd de la 3:38\"><span class=\"group-hover:bg-base-200 rounded p-0.5 -m-0.5\" data-start=\"217820\" data-end=\"219600\">num\u0103rului de parlamentari la 300,<\/span><\/span>&nbsp;<span class=\"cursor-pointer group\" title=\"Reda\u021bi \u00eencep\u00e2nd de la 3:40\"><span class=\"group-hover:bg-base-200 rounded p-0.5 -m-0.5\" data-start=\"220060\" data-end=\"224100\">cu privire la eliminarea subven\u021biilor de stat pentru partidele politice<\/span><\/span>&nbsp;<span class=\"cursor-pointer group\" title=\"Reda\u021bi \u00eencep\u00e2nd de la 3:44\"><span class=\"group-hover:bg-base-200 rounded p-0.5 -m-0.5\" data-start=\"224100\" data-end=\"228420\">\u0219i cu privire la alegerea primarilor \u00een dou\u0103 tururi\u201d, a declarat George Simion.<\/span><\/span><\/p>\n<p>Pre\u0219edintele AUR a pus \u00een discu\u021bie \u0219i <span class=\"cursor-pointer group\" title=\"Reda\u021bi \u00eencep\u00e2nd de la 4:08\"><span class=\"group-hover:bg-base-200 rounded p-0.5 -m-0.5\" data-start=\"247540\" data-end=\"250540\">t\u0103ierea sau reducerea drastic\u0103<\/span><\/span><span class=\"cursor-pointer group\" title=\"Reda\u021bi \u00eencep\u00e2nd de la 4:11\"><span class=\"group-hover:bg-base-200 rounded p-0.5 -m-0.5\" data-start=\"250560\" data-end=\"255480\"> a subven\u021biei pentru partidele politice.<\/span><\/span><\/p>\n<p id=\"p-2\"><span class=\"cursor-pointer group\" title=\"Reda\u021bi \u00eencep\u00e2nd de la 3:49\"><span class=\"group-hover:bg-base-200 rounded p-0.5 -m-0.5\" data-start=\"228740\" data-end=\"232200\">\u201eDe asemenea vom vota \u00een birourile permanente<\/span><\/span>&nbsp;<span class=\"cursor-pointer group\" title=\"Reda\u021bi \u00eencep\u00e2nd de la 3:52\"><span class=\"group-hover:bg-base-200 rounded p-0.5 -m-0.5\" data-start=\"232200\" data-end=\"234740\">\u0219i \u00een plenul Camerei Deputa\u021bilor \u0219i Senatului<\/span><\/span>&nbsp;<span class=\"cursor-pointer group\" title=\"Reda\u021bi \u00eencep\u00e2nd de la 3:55\"><span class=\"group-hover:bg-base-200 rounded p-0.5 -m-0.5\" data-start=\"234740\" data-end=\"239820\">pentru orice ini\u021biativ\u0103 care vine \u00een acest sens.<\/span><\/span>&nbsp;<span class=\"cursor-pointer group\" title=\"Reda\u021bi \u00eencep\u00e2nd de la 4:00\"><span class=\"group-hover:bg-base-200 rounded p-0.5 -m-0.5\" data-start=\"239820\" data-end=\"241680\">S\u0103 ajungem la 300 de parlamentari,<\/span><\/span>&nbsp;<span class=\"cursor-pointer group\" title=\"Reda\u021bi \u00eencep\u00e2nd de la 4:02\"><span class=\"group-hover:bg-base-200 rounded p-0.5 -m-0.5 bg-primary\/25 transition-all duration-200\" data-start=\"242120\" data-end=\"247260\" data-active>nu la 380, 390, 300 \u0219i un pic 300, a\u0219a cum au votat rom\u00e2nii,<\/span><\/span>&nbsp;<span class=\"cursor-pointer group\" title=\"Reda\u021bi \u00eencep\u00e2nd de la 4:08\"><span class=\"group-hover:bg-base-200 rounded p-0.5 -m-0.5\" data-start=\"247540\" data-end=\"250540\">pentru t\u0103ierea sau reducerea drastic\u0103,<\/span><\/span>&nbsp;<span class=\"cursor-pointer group\" title=\"Reda\u021bi \u00eencep\u00e2nd de la 4:11\"><span class=\"group-hover:bg-base-200 rounded p-0.5 -m-0.5\" data-start=\"250560\" data-end=\"255480\">nu cu 20% ci cu 95% a subven\u021biei pentru partidele politice,<\/span><\/span>&nbsp;<span class=\"cursor-pointer group\" title=\"Reda\u021bi \u00eencep\u00e2nd de la 4:17\"><span class=\"group-hover:bg-base-200 rounded p-0.5 -m-0.5\" data-start=\"256820\" data-end=\"261120\">pentru votul primarilor \u0219i pre\u0219edin\u021bilor de Consilii Jude\u021bene<\/span><\/span>&nbsp;<span class=\"cursor-pointer group\" title=\"Reda\u021bi \u00eencep\u00e2nd de la 4:21\"><span class=\"group-hover:bg-base-200 rounded p-0.5 -m-0.5\" data-start=\"261120\" data-end=\"262700\">\u00een dou\u0103 tururi<\/span><\/span><span class=\"cursor-pointer group\" title=\"Reda\u021bi \u00eencep\u00e2nd de la 4:26\"><span class=\"group-hover:bg-base-200 rounded p-0.5 -m-0.5\" data-start=\"265780\" data-end=\"267640\">\u201d, a mai spus Simion.<\/span><\/span><\/p>\n<p id=\"p-3\">\u0218eful AUR a transmis a f\u0103cut apel la reconciliere na\u021bional\u0103, \u00een interesul cet\u0103\u021benilor.<\/p>\n<p id=\"p-4\"><span class=\"cursor-pointer group\" title=\"Reda\u021bi \u00eencep\u00e2nd de la 4:28\"><span class=\"group-hover:bg-base-200 rounded p-0.5 -m-0.5\" data-start=\"267640\" data-end=\"272480\">\u201eDialog\u0103m cu to\u021bi actorii politici,<\/span><\/span>&nbsp;<span class=\"cursor-pointer group\" title=\"Reda\u021bi \u00eencep\u00e2nd de la 4:33\"><span class=\"group-hover:bg-base-200 rounded p-0.5 -m-0.5\" data-start=\"272600\" data-end=\"275760\">este timpul s\u0103 ajungem la reconciliere na\u021bional\u0103,<\/span><\/span>&nbsp;<span class=\"cursor-pointer group\" title=\"Reda\u021bi \u00eencep\u00e2nd de la 4:36\"><span class=\"group-hover:bg-base-200 rounded p-0.5 -m-0.5\" data-start=\"275860\" data-end=\"279140\">este timpul s\u0103 \u00een\u021belegem c\u0103 primeaz\u0103 interesul<\/span><\/span>&nbsp;<span class=\"cursor-pointer group\" title=\"Reda\u021bi \u00eencep\u00e2nd de la 4:39\"><span class=\"group-hover:bg-base-200 rounded p-0.5 -m-0.5\" data-start=\"279140\" data-end=\"281360\">cet\u0103\u021benilor \u0219i firmelor rom\u00e2ne\u0219ti,<\/span><\/span>&nbsp;<span class=\"cursor-pointer group\" title=\"Reda\u021bi \u00eencep\u00e2nd de la 4:42\"><span class=\"group-hover:bg-base-200 rounded p-0.5 -m-0.5\" data-start=\"282120\" data-end=\"284320\">nu interesele de partid.<\/span><\/span>&nbsp;<span class=\"cursor-pointer group\" title=\"Reda\u021bi \u00eencep\u00e2nd de la 4:45\"><span class=\"group-hover:bg-base-200 rounded p-0.5 -m-0.5\" data-start=\"284680\" data-end=\"287500\">De aceea ne punem \u00een spatele poporului rom\u00e2n<\/span><\/span>&nbsp;<span class=\"cursor-pointer group\" title=\"Reda\u021bi \u00eencep\u00e2nd de la 4:48\"><span class=\"group-hover:bg-base-200 rounded p-0.5 -m-0.5\" data-start=\"287500\" data-end=\"291680\">\u0219i vom face exact ceea ce am promis aleg\u0103torilor no\u0219tri.<\/span><\/span>&nbsp;<span class=\"cursor-pointer group\" title=\"Reda\u021bi \u00eencep\u00e2nd de la 4:52\"><span class=\"group-hover:bg-base-200 rounded p-0.5 -m-0.5\" data-start=\"292380\" data-end=\"294880\">Al\u021bi actori publici, al\u021bi actori politici,<\/span><\/span>&nbsp;<span class=\"cursor-pointer group\" title=\"Reda\u021bi \u00eencep\u00e2nd de la 4:55\"><span class=\"group-hover:bg-base-200 rounded p-0.5 -m-0.5\" data-start=\"294880\" data-end=\"297840\">precum Nicu\u0219or Dan, nu \u00ee\u0219i respect\u0103 electoratul<\/span><\/span>&nbsp;<span class=\"cursor-pointer group\" title=\"Reda\u021bi \u00eencep\u00e2nd de la 4:58\"><span class=\"group-hover:bg-base-200 rounded p-0.5 -m-0.5\" data-start=\"297840\" data-end=\"302720\">\u0219i fac alte jocuri \u0219i ac\u021bioneaz\u0103 \u00een alt sens<\/span><\/span>&nbsp;<span class=\"cursor-pointer group\" title=\"Reda\u021bi \u00eencep\u00e2nd de la 5:03\"><span class=\"group-hover:bg-base-200 rounded p-0.5 -m-0.5\" data-start=\"302720\" data-end=\"305220\">dec\u00e2t au spus \u00een mod repetat\u201d, a mai declarat George Simion.&nbsp;<\/span><\/span><\/p>\n","protected":false},"excerpt":{"rendered":"<p>Demersurile AUR se vor concretiza \u00een ini\u021biative depuse \u00een birourile permanente ale celor dou\u0103 camere ale Parlamentului. \u201eAst\u0103zi la ora 12, \u00een Biroul Permanent al Senatului&nbsp;\u0219i la ora 13.30, \u00een &hellip; <a href=\"https:\/\/microscopemedia.com\/?p=689508\" class=\"more-link\">Read More<\/a><\/p>\n","protected":false},"author":1,"featured_media":689509,"comment_status":"closed","ping_status":"closed","sticky":false,"template":"Default","format":"standard","meta":[],"categories":[1],"tags":[],"_links":{"self":[{"href":"https:\/\/microscopemedia.com\/index.php?rest_route=\/wp\/v2\/posts\/689508"}],"collection":[{"href":"https:\/\/microscopemedia.com\/index.php?rest_route=\/wp\/v2\/posts"}],"about":[{"href":"https:\/\/microscopemedia.com\/index.php?rest_route=\/wp\/v2\/types\/post"}],"author":[{"embeddable":true,"href":"https:\/\/microscopemedia.com\/index.php?rest_route=\/wp\/v2\/users\/1"}],"replies":[{"embeddable":true,"href":"https:\/\/microscopemedia.com\/index.php?rest_route=%2Fwp%2Fv2%2Fcomments&post=689508"}],"version-history":[{"count":0,"href":"https:\/\/microscopemedia.com\/index.php?rest_route=\/wp\/v2\/posts\/689508\/revisions"}],"wp:featuredmedia":[{"embeddable":true,"href":"https:\/\/microscopemedia.com\/index.php?rest_route=\/wp\/v2\/media\/689509"}],"wp:attachment":[{"href":"https:\/\/microscopemedia.com\/index.php?rest_route=%2Fwp%2Fv2%2Fmedia&parent=689508"}],"wp:term":[{"taxonomy":"category","embeddable":true,"href":"https:\/\/microscopemedia.com\/index.php?rest_route=%2Fwp%2Fv2%2Fcategories&post=689508"},{"taxonomy":"post_tag","embeddable":true,"href":"https:\/\/microscopemedia.com\/index.php?rest_route=%2Fwp%2Fv2%2Ftags&post=689508"}],"curies":[{"name":"wp","href":"https:\/\/api.w.org\/{rel}","templated":true}]}}