{"id":689510,"date":"2026-04-27T08:46:03","date_gmt":"2026-04-27T08:46:03","guid":{"rendered":"https:\/\/microscopemedia.com\/?p=689510"},"modified":"2026-04-27T08:46:03","modified_gmt":"2026-04-27T08:46:03","slug":"reactia-lui-ciucu-dupa-anuntul-psd-aur-privitor-la-motiunea-comuna-culmea-iresponsabilitatii-sa-faca-alt-guvern","status":"publish","type":"post","link":"https:\/\/microscopemedia.com\/?p=689510","title":{"rendered":"Reac\u021bia lui Ciucu dup\u0103 anun\u021bul PSD-AUR privitor la mo\u021biunea comun\u0103: culmea iresponsabilit\u0103\u021bii, s\u0103 fac\u0103 alt guvern"},"content":{"rendered":"<div><img decoding=\"async\" src=\"https:\/\/microscopemedia.com\/wp-content\/uploads\/2026\/04\/reactia-lui-ciucu-dupa-anuntul-psd-aur-privitor-la-motiunea-comuna-culmea-iresponsabilitatii-sa-faca-alt-guvern.jpg\" class=\"ff-og-image-inserted\"><\/div>\n<p id=\"p-0\">Prim-vicepre\u0219edintele PNL i-a \u00eentrebat pe Facebook pe rom\u00e2ni cum li se pare \u201edecizia majorit\u0103\u021bii parlamentare PSD \u0219i AUR de a demite guvernul\u201d. Asta \u00een contextul \u00een care p\u00e2n\u0103 \u00een prezent nu s-a vorbit despre o eventual\u0103 negociere pentru alte formule de guvernare.<\/p>\n<p id=\"p-1\">Ciprian Ciucu a anun\u021bat c\u0103 partidele care vor d\u0103r\u00e2ma Guvernul au obliga\u021bia s\u0103 fac\u0103 alt cabinet. De asemenea, liderul liberal a anun\u021bat c\u0103 PNL nu va face alt\u0103 coali\u021bie cu PSD.<\/p>\n<p id=\"p-2\">\u201eMie mi se pare culmea iresponsabilit\u0103\u021bii. Cine face o majoritate pentru a d\u0103r\u00e2ma un guvern are responsabilitatea s\u0103 formeze un alt guvern \u00een locul lui. PNL nu va mai face alt\u0103 coali\u021bie cu PSD\u201d, a transmis Ciprian Ciucu.<\/p>\n<p id=\"p-3\">Luni diminea\u021b\u0103, Marian Neac\u0219u de la PSD \u0219i Petri\u0219or Peiu de la AUR au sus\u021binut o conferin\u021b\u0103 de pres\u0103 comun\u0103 \u00een care au anun\u021bat c\u0103 preg\u0103tesc o mo\u021biune de cenzur\u0103.<\/p>\n","protected":false},"excerpt":{"rendered":"<p>Prim-vicepre\u0219edintele PNL i-a \u00eentrebat pe Facebook pe rom\u00e2ni cum li se pare \u201edecizia majorit\u0103\u021bii parlamentare PSD \u0219i AUR de a demite guvernul\u201d. Asta \u00een contextul \u00een care p\u00e2n\u0103 \u00een prezent &hellip; <a href=\"https:\/\/microscopemedia.com\/?p=689510\" class=\"more-link\">Read More<\/a><\/p>\n","protected":false},"author":1,"featured_media":689511,"comment_status":"closed","ping_status":"closed","sticky":false,"template":"Default","format":"standard","meta":[],"categories":[1],"tags":[],"_links":{"self":[{"href":"https:\/\/microscopemedia.com\/index.php?rest_route=\/wp\/v2\/posts\/689510"}],"collection":[{"href":"https:\/\/microscopemedia.com\/index.php?rest_route=\/wp\/v2\/posts"}],"about":[{"href":"https:\/\/microscopemedia.com\/index.php?rest_route=\/wp\/v2\/types\/post"}],"author":[{"embeddable":true,"href":"https:\/\/microscopemedia.com\/index.php?rest_route=\/wp\/v2\/users\/1"}],"replies":[{"embeddable":true,"href":"https:\/\/microscopemedia.com\/index.php?rest_route=%2Fwp%2Fv2%2Fcomments&post=689510"}],"version-history":[{"count":0,"href":"https:\/\/microscopemedia.com\/index.php?rest_route=\/wp\/v2\/posts\/689510\/revisions"}],"wp:featuredmedia":[{"embeddable":true,"href":"https:\/\/microscopemedia.com\/index.php?rest_route=\/wp\/v2\/media\/689511"}],"wp:attachment":[{"href":"https:\/\/microscopemedia.com\/index.php?rest_route=%2Fwp%2Fv2%2Fmedia&parent=689510"}],"wp:term":[{"taxonomy":"category","embeddable":true,"href":"https:\/\/microscopemedia.com\/index.php?rest_route=%2Fwp%2Fv2%2Fcategories&post=689510"},{"taxonomy":"post_tag","embeddable":true,"href":"https:\/\/microscopemedia.com\/index.php?rest_route=%2Fwp%2Fv2%2Ftags&post=689510"}],"curies":[{"name":"wp","href":"https:\/\/api.w.org\/{rel}","templated":true}]}}