{"id":689514,"date":"2026-04-27T09:06:04","date_gmt":"2026-04-27T09:06:04","guid":{"rendered":"https:\/\/microscopemedia.com\/?p=689514"},"modified":"2026-04-27T09:06:04","modified_gmt":"2026-04-27T09:06:04","slug":"george-simion-anunta-ca-il-va-actiona-in-instanta-pe-dominic-fritz-dupa-acuzatiile-privind-finantarii-din-rusia","status":"publish","type":"post","link":"https:\/\/microscopemedia.com\/?p=689514","title":{"rendered":"George Simion anun\u021b\u0103 c\u0103 \u00eel va ac\u021biona \u00een instan\u021b\u0103 pe Dominic Fritz dup\u0103 acuza\u021biile privind finan\u021b\u0103rii din Rusia"},"content":{"rendered":"<div><img decoding=\"async\" src=\"https:\/\/microscopemedia.com\/wp-content\/uploads\/2026\/04\/george-simion-anunta-ca-il-va-actiona-in-instanta-pe-dominic-fritz-dupa-acuzatiile-privind-finantarii-din-rusia.jpg\" class=\"ff-og-image-inserted\"><\/div>\n<p id=\"p-0\">\u00cen cadrul unei conferin\u021be de pres\u0103 sus\u021binute la Palatul Parlamentului, Simion a afirmat c\u0103 declara\u021biile lui Fritz dep\u0103\u0219esc limitele disputei politice \u0219i c\u0103 acuza\u021biile lansate nu sunt sus\u021binute de dovezi.<\/p>\n<p id=\"p-1\">\u201eVom ac\u021biona \u00een instan\u021b\u0103 \u0219i pe toate c\u0103ile posibile. Nu po\u021bi s\u0103 spui c\u0103 exist\u0103 dovezi c\u0103 am fi primit bani din Rusia. Am f\u0103cut multe gre\u0219eli \u00een activitatea noastr\u0103 politic\u0103, dar nu am fost finan\u021ba\u021bi de niciun stat\u201d, a declarat George Simion.<\/p>\n<p id=\"p-2\">Liderul AUR a precizat c\u0103 nu contest\u0103 legitimitatea politic\u0103 a lui Dominic Fritz, men\u021bion\u00e2nd c\u0103 acesta este cet\u0103\u021bean german, a ob\u021binut cet\u0103\u021benia rom\u00e2n\u0103, este primarul municipiului Timi\u0219oara \u0219i conduce un partid politic democratic.<\/p>\n<p id=\"p-3\">\u201eNu este normal ceea ce Dominic Fritz a declarat\u201d, a spus Simion.<\/p>\n<p id=\"p-4\">\u00centrebat dac\u0103 forma\u021biunea va ini\u021bia o ac\u021biune \u00een instan\u021b\u0103 \u00eempotriva liderului USR, Simion a r\u0103spuns afirmativ, preciz\u00e2nd c\u0103 demersul va fi f\u0103cut \u201epe toate c\u0103ile posibile\u201d.<\/p>\n<p id=\"p-5\">\u00cen acela\u0219i context, liderul AUR a acuzat existen\u021ba unor \u201erepresiuni politice\u201d \u0219i a unor forme de discriminare \u00eempotriva partidului s\u0103u, inclusiv \u00een Parlament. Simion a afirmat c\u0103 AUR va solicita ca dezbaterile din plen s\u0103 se desf\u0103\u0219oare exclusiv \u00een format fizic, nu online.<\/p>\n<p id=\"p-6\">Totodat\u0103, liderul AUR a anun\u021bat c\u0103 partidul va cere introducerea pe ordinea de zi, \u00een Biroul Permanent al Senatului, a proiectului legislativ privind alegerea primarilor \u0219i a pre\u0219edin\u021bilor de consilii jude\u021bene \u00een dou\u0103 tururi.<\/p>\n","protected":false},"excerpt":{"rendered":"<p>\u00cen cadrul unei conferin\u021be de pres\u0103 sus\u021binute la Palatul Parlamentului, Simion a afirmat c\u0103 declara\u021biile lui Fritz dep\u0103\u0219esc limitele disputei politice \u0219i c\u0103 acuza\u021biile lansate nu sunt sus\u021binute de dovezi. &hellip; <a href=\"https:\/\/microscopemedia.com\/?p=689514\" class=\"more-link\">Read More<\/a><\/p>\n","protected":false},"author":1,"featured_media":689515,"comment_status":"closed","ping_status":"closed","sticky":false,"template":"Default","format":"standard","meta":[],"categories":[1],"tags":[],"_links":{"self":[{"href":"https:\/\/microscopemedia.com\/index.php?rest_route=\/wp\/v2\/posts\/689514"}],"collection":[{"href":"https:\/\/microscopemedia.com\/index.php?rest_route=\/wp\/v2\/posts"}],"about":[{"href":"https:\/\/microscopemedia.com\/index.php?rest_route=\/wp\/v2\/types\/post"}],"author":[{"embeddable":true,"href":"https:\/\/microscopemedia.com\/index.php?rest_route=\/wp\/v2\/users\/1"}],"replies":[{"embeddable":true,"href":"https:\/\/microscopemedia.com\/index.php?rest_route=%2Fwp%2Fv2%2Fcomments&post=689514"}],"version-history":[{"count":0,"href":"https:\/\/microscopemedia.com\/index.php?rest_route=\/wp\/v2\/posts\/689514\/revisions"}],"wp:featuredmedia":[{"embeddable":true,"href":"https:\/\/microscopemedia.com\/index.php?rest_route=\/wp\/v2\/media\/689515"}],"wp:attachment":[{"href":"https:\/\/microscopemedia.com\/index.php?rest_route=%2Fwp%2Fv2%2Fmedia&parent=689514"}],"wp:term":[{"taxonomy":"category","embeddable":true,"href":"https:\/\/microscopemedia.com\/index.php?rest_route=%2Fwp%2Fv2%2Fcategories&post=689514"},{"taxonomy":"post_tag","embeddable":true,"href":"https:\/\/microscopemedia.com\/index.php?rest_route=%2Fwp%2Fv2%2Ftags&post=689514"}],"curies":[{"name":"wp","href":"https:\/\/api.w.org\/{rel}","templated":true}]}}