{"id":689516,"date":"2026-04-27T09:26:04","date_gmt":"2026-04-27T09:26:04","guid":{"rendered":"https:\/\/microscopemedia.com\/?p=689516"},"modified":"2026-04-27T09:26:04","modified_gmt":"2026-04-27T09:26:04","slug":"geanina-pistru-acuza-psd-si-aur-de-tradare-politica-ce-spune-despre-bolojan","status":"publish","type":"post","link":"https:\/\/microscopemedia.com\/?p=689516","title":{"rendered":"Geanina Pistru acuz\u0103 PSD \u0219i AUR de \u201etr\u0103dare politic\u0103\u201d. Ce spune despre Bolojan?"},"content":{"rendered":"<div><img decoding=\"async\" src=\"https:\/\/microscopemedia.com\/wp-content\/uploads\/2026\/04\/geanina-pistru-acuza-psd-si-aur-de-tradare-politica-ce-spune-despre-bolojan.jpg\" class=\"ff-og-image-inserted\"><\/div>\n<p id=\"p-0\"><em><span>\u201eMo\u021biunea PSD-AUR vine \u00eentr-un moment \u00een care Rom\u00e2nia are nevoie de responsabilitate, nu de iresponsabilitate politic\u0103 ambalat\u0103 \u00een voturi de blocaj. <\/span><span>C\u00e2nd Rom\u00e2nia vrea \u00eenainte, ei aleg s\u0103 trag\u0103 \u00eenapoi. <\/span><\/em><span><em>C\u00e2nd e nevoie de reforme, aleg fr\u00e2na\u201d<\/em>, a scris deputata ar\u0103deanc\u0103 pe pagina sa de Facebook.&nbsp;<\/span><\/p>\n<p id=\"p-1\">Ea acuz\u0103 c\u0103 \u201evorbim despre o <span>o \u00eencercare iresponsabil\u0103 de a opri o direc\u021bie care \u00eencepe, \u00een sf\u00e2r\u0219it, s\u0103 produc\u0103 rezultate\u201d.&nbsp;<\/span><\/p>\n<p id=\"p-2\">Pistru acuz\u0103 c\u0103 \u201emo\u021biunea are un singur scop\u201d, spun\u00e2nd c\u0103 demersul inten\u021bioneaz\u0103 \u201es\u0103 opreasc\u0103 oamenii care fac treab\u0103\u201d.<\/p>\n<p id=\"p-3\">Pistru l-a dat pe Bolojan drept un contraexemplu, afirm\u00e2nd c\u0103 este \u201eexact tipul de leadership care <span> care deranjeaz\u0103 pentru c\u0103 nu negociaz\u0103 stagnarea\u201d.&nbsp;<\/span><\/p>\n<p id=\"p-4\">\u201eEu aleg partea care construie\u0219te, nu cea care blocheaz\u0103. <span>Ei se str\u00e2ng pentru putere. <\/span><span>Noi mergem \u00eenainte pentru Rom\u00e2nia\u201d, conchide Pistru.&nbsp;<\/span><\/p>\n<p id=\"p-5\">Reamintim c\u0103 luni diminea\u021b\u0103, \u00een timpul unei conferin\u021be comune de pres\u0103, Maran Neac\u0219u, PSD \u0219i Petri\u0219or Peiu, AUR, au anun\u021bat c\u0103 preg\u0103tesc o mo\u021biune de cenzur\u0103 comun\u0103.<\/p>\n<p id=\"p-6\">Pistru nu este singura liberal\u0103 care a criticat demersul a clasificat demersul drept \u201eculmea iresponsabilit\u0103\u021bii\u201d \u0219i a reiterat c\u0103 nu va mai face coali\u021bie cu PSD.<\/p>\n<p id=\"p-7\">&nbsp;<\/p>\n","protected":false},"excerpt":{"rendered":"<p>\u201eMo\u021biunea PSD-AUR vine \u00eentr-un moment \u00een care Rom\u00e2nia are nevoie de responsabilitate, nu de iresponsabilitate politic\u0103 ambalat\u0103 \u00een voturi de blocaj. C\u00e2nd Rom\u00e2nia vrea \u00eenainte, ei aleg s\u0103 trag\u0103 \u00eenapoi. &hellip; <a href=\"https:\/\/microscopemedia.com\/?p=689516\" class=\"more-link\">Read More<\/a><\/p>\n","protected":false},"author":1,"featured_media":689517,"comment_status":"closed","ping_status":"closed","sticky":false,"template":"Default","format":"standard","meta":[],"categories":[1],"tags":[],"_links":{"self":[{"href":"https:\/\/microscopemedia.com\/index.php?rest_route=\/wp\/v2\/posts\/689516"}],"collection":[{"href":"https:\/\/microscopemedia.com\/index.php?rest_route=\/wp\/v2\/posts"}],"about":[{"href":"https:\/\/microscopemedia.com\/index.php?rest_route=\/wp\/v2\/types\/post"}],"author":[{"embeddable":true,"href":"https:\/\/microscopemedia.com\/index.php?rest_route=\/wp\/v2\/users\/1"}],"replies":[{"embeddable":true,"href":"https:\/\/microscopemedia.com\/index.php?rest_route=%2Fwp%2Fv2%2Fcomments&post=689516"}],"version-history":[{"count":0,"href":"https:\/\/microscopemedia.com\/index.php?rest_route=\/wp\/v2\/posts\/689516\/revisions"}],"wp:featuredmedia":[{"embeddable":true,"href":"https:\/\/microscopemedia.com\/index.php?rest_route=\/wp\/v2\/media\/689517"}],"wp:attachment":[{"href":"https:\/\/microscopemedia.com\/index.php?rest_route=%2Fwp%2Fv2%2Fmedia&parent=689516"}],"wp:term":[{"taxonomy":"category","embeddable":true,"href":"https:\/\/microscopemedia.com\/index.php?rest_route=%2Fwp%2Fv2%2Fcategories&post=689516"},{"taxonomy":"post_tag","embeddable":true,"href":"https:\/\/microscopemedia.com\/index.php?rest_route=%2Fwp%2Fv2%2Ftags&post=689516"}],"curies":[{"name":"wp","href":"https:\/\/api.w.org\/{rel}","templated":true}]}}