{"id":689520,"date":"2026-04-27T09:56:03","date_gmt":"2026-04-27T09:56:03","guid":{"rendered":"https:\/\/microscopemedia.com\/?p=689520"},"modified":"2026-04-27T09:56:03","modified_gmt":"2026-04-27T09:56:03","slug":"burduja-psd-si-aur-si-au-dat-mana-sa-dea-jos-guvernul-nu-ii-uneste-ideologia-ci-frica","status":"publish","type":"post","link":"https:\/\/microscopemedia.com\/?p=689520","title":{"rendered":"Burduja: PSD \u0219i AUR \u0219i-au dat m\u00e2na s\u0103 dea jos Guvernul. Nu \u00eei une\u0219te ideologia, ci frica"},"content":{"rendered":"<div><img decoding=\"async\" src=\"https:\/\/microscopemedia.com\/wp-content\/uploads\/2026\/04\/burduja-psd-si-aur-si-au-dat-mana-sa-dea-jos-guvernul-nu-ii-uneste-ideologia-ci-frica.jpg\" class=\"ff-og-image-inserted\"><\/div>\n<p id=\"p-0\">\u201eGata! Masca a c\u0103zut! Definitiv. PSD \u0219i AUR tocmai au anun\u021bat c\u0103 depun o mo\u021biune comun\u0103 s\u0103 dea jos guvernul. Da, v\u0103 aminti\u021bi bine. Sunt aceia\u0219i oameni care s-au numit \u00eentre ei <cium ro> \u0219i <extremi periculo>, ani la r\u00e2ndul. \u021aine\u021bi minte ce spuneau? C\u0103 nu se vor alia niciodat\u0103. Acum \u0219i-au dat m\u00e2na peste destinele rom\u00e2nilor. De ce? Pentru c\u0103 sunt \u00een aceea\u0219i tab\u0103r\u0103, de fapt. Ce \u00eei une\u0219te? Nu ideologia, nu solu\u021biile bune pentru rom\u00e2ni. \u00cei une\u0219te frica. Frica de o Rom\u00e2nie care \u00eencepe s\u0103 func\u021bioneze f\u0103r\u0103 PCR (pile, cuno\u0219tin\u021be \u0219i rela\u021bii). F\u0103r\u0103 b\u0103ie\u021bi de\u0219tep\u021bi \u0219i f\u0103r\u0103 contracte cu dedica\u021bie\u201d, a scris liberalul luni pe Facebook.<\/extremi><\/cium><\/p>\n<p id=\"p-1\">El adaug\u0103 c\u0103 \u201eeste de un cinism strig\u0103tor la cer s\u0103 vorbe\u0219ti despre <salvarea> \u00een timp ce depui o mo\u021biune care arunc\u0103 Rom\u00e2nia \u00een haos exact c\u00e2nd lumea \u00eentreag\u0103 trece prin cea mai grav\u0103 criz\u0103 din ultimii mul\u021bi ani\u201d.<\/salvarea><\/p>\n<p id=\"p-2\">Sebastian Burduja spune c\u0103 aceast\u0103 mo\u021biune nu este despre Premierul Bolojan, \u201eeste despre disperarea unor politicieni care simt c\u0103 pierd controlul\u201d.<\/p>\n<p id=\"p-3\">\u201eIat\u0103 adev\u0103rul pe care al\u021bii nu vi-l spun: nu exist\u0103 sistem \u0219i anti-sistem. Exist\u0103 oameni care vor putere \u0219i se aliaz\u0103 cu oricine ca s\u0103 o capete. Mul\u021bi rom\u00e2ni au votat \u00eempotriva sistemului. Politicenii care urlau \u00een gura mare p\u00e2n\u0103 ieri tocmai s-au \u00eenscris \u00een sistem\u201d, spune el.<\/p>\n<div class=\"single__excerpt\" readability=\"8.8700564971751\">PSD \u0219i AUR au anun\u021bat c\u0103 vor ini\u021bia \u00eempreun\u0103 o <span><a href=\"https:\/\/www.mediafax.ro\/breaking-news\/psd-si-aur-anunta-ca-vor-initia-impreuna-o-motiune-de-cenzura-reactii-vehemente-din-pnl-23727035\" target=\"_blank\" rel=\"noopener\">mo\u021biune de cenzur\u0103<\/a><\/span> \u00eempotriva Guvernului Bolojan. Anun\u021bul a fost f\u0103cut luni de lideri de la cele dou\u0103 partide politice.<\/div>\n","protected":false},"excerpt":{"rendered":"<p>\u201eGata! Masca a c\u0103zut! Definitiv. PSD \u0219i AUR tocmai au anun\u021bat c\u0103 depun o mo\u021biune comun\u0103 s\u0103 dea jos guvernul. Da, v\u0103 aminti\u021bi bine. Sunt aceia\u0219i oameni care s-au numit &hellip; <a href=\"https:\/\/microscopemedia.com\/?p=689520\" class=\"more-link\">Read More<\/a><\/p>\n","protected":false},"author":1,"featured_media":689521,"comment_status":"closed","ping_status":"closed","sticky":false,"template":"Default","format":"standard","meta":[],"categories":[1],"tags":[],"_links":{"self":[{"href":"https:\/\/microscopemedia.com\/index.php?rest_route=\/wp\/v2\/posts\/689520"}],"collection":[{"href":"https:\/\/microscopemedia.com\/index.php?rest_route=\/wp\/v2\/posts"}],"about":[{"href":"https:\/\/microscopemedia.com\/index.php?rest_route=\/wp\/v2\/types\/post"}],"author":[{"embeddable":true,"href":"https:\/\/microscopemedia.com\/index.php?rest_route=\/wp\/v2\/users\/1"}],"replies":[{"embeddable":true,"href":"https:\/\/microscopemedia.com\/index.php?rest_route=%2Fwp%2Fv2%2Fcomments&post=689520"}],"version-history":[{"count":0,"href":"https:\/\/microscopemedia.com\/index.php?rest_route=\/wp\/v2\/posts\/689520\/revisions"}],"wp:featuredmedia":[{"embeddable":true,"href":"https:\/\/microscopemedia.com\/index.php?rest_route=\/wp\/v2\/media\/689521"}],"wp:attachment":[{"href":"https:\/\/microscopemedia.com\/index.php?rest_route=%2Fwp%2Fv2%2Fmedia&parent=689520"}],"wp:term":[{"taxonomy":"category","embeddable":true,"href":"https:\/\/microscopemedia.com\/index.php?rest_route=%2Fwp%2Fv2%2Fcategories&post=689520"},{"taxonomy":"post_tag","embeddable":true,"href":"https:\/\/microscopemedia.com\/index.php?rest_route=%2Fwp%2Fv2%2Ftags&post=689520"}],"curies":[{"name":"wp","href":"https:\/\/api.w.org\/{rel}","templated":true}]}}