{"id":689522,"date":"2026-04-27T10:06:03","date_gmt":"2026-04-27T10:06:03","guid":{"rendered":"https:\/\/microscopemedia.com\/?p=689522"},"modified":"2026-04-27T10:06:03","modified_gmt":"2026-04-27T10:06:03","slug":"bilantul-lui-florin-manole-la-final-de-mandat-am-facut-o-noua-lege-a-salarizarii-in-care-nimeni-sa-nu-piarda-din-venituri","status":"publish","type":"post","link":"https:\/\/microscopemedia.com\/?p=689522","title":{"rendered":"Bilan\u021bul lui Florin Manole la final de mandat: \u201eAm f\u0103cut o nou\u0103 lege a salariz\u0103rii \u00een care nimeni s\u0103 nu piard\u0103 din venituri\u201d"},"content":{"rendered":"<div><img decoding=\"async\" src=\"https:\/\/microscopemedia.com\/wp-content\/uploads\/2026\/04\/bilantul-lui-florin-manole-la-final-de-mandat-am-facut-o-noua-lege-a-salarizarii-in-care-nimeni-sa-nu-piarda-din-venituri.jpg\" class=\"ff-og-image-inserted\"><\/div>\n<p data-start=\"106\" data-end=\"416\" id=\"p-0\">Fostul ministru al Muncii, Florin Manole, a prezentat luni bilan\u021bul mandatului s\u0103u, dup\u0103 ce s\u0103pt\u0103m\u00e2na trecut\u0103 a fost anun\u021bat\u0103 retragerea PSD de la guvernare. Acesta a explicat care au fost principalele m\u0103suri \u0219i reforme realizate.<\/p>\n<p data-start=\"877\" data-end=\"1008\" id=\"p-1\">\u201eResursele europene au fost direc\u021bionate acolo unde este cea mai mare nevoie. Mai multe \u0219anse pe pia\u021ba muncii. Un minister mai suplu, mai eficient. Protec\u021bie \u0219i reintegrare pentru victimele traficului de persoane. Parteneriate externe cu rezultate pentru rom\u00e2nii de pretutindeni. O s\u0103 detaliez imediat fiecare dintre aceste linii.\u201d, a explicat acesta.<\/p>\n<h2 data-section-id=\"dqer00\" data-start=\"846\" data-end=\"890\" id=\"chapter-0\">Sprijin social pentru milioane de rom\u00e2ni<\/h2>\n<p data-start=\"892\" data-end=\"955\" id=\"p-2\">Florin Manole a vorbit prima dat\u0103 despre impactul programelor sociale<\/p>\n<p data-start=\"957\" data-end=\"1544\" id=\"p-3\">\u201e\u00cen ceea ce prive\u0219te solidaritatea social\u0103, pachetul de solidaritate a fost un proiect pentru peste 3 milioane de beneficiari. Este \u00eenc\u0103 pentru peste 3 milioane de beneficiari, pensionari, copii cu dizabilit\u0103\u021bi, mame care \u00eengrijesc singure, unu, doi sau mai mul\u021bi copii. Voucherele pentru consumatorii afla\u021bi \u00een risc de s\u0103r\u0103cie energetic\u0103 au fost un mecanism prin care am compensat o parte din cre\u0219terea pre\u021burilor \u00een energie pentru consumatorii vulnerabili. Peste 700.000 de gospod\u0103rii \u0219i evident milioane de oameni beneficiaz\u0103 de aceast\u0103 politic\u0103 public\u0103 p\u00e2n\u0103 la sf\u00e2r\u0219itul acestui an.\u201d, a explicat el.<\/p>\n<p data-start=\"1546\" data-end=\"1605\" id=\"p-4\">El a punctat \u0219i sprijinul acordat \u00een situa\u021bii de urgen\u021b\u0103.<\/p>\n<p data-start=\"1607\" data-end=\"1698\" id=\"p-5\">\u201eSprijin de urgen\u021b\u0103 pentru peste 2.500 de familii, \u00een sum\u0103 de peste 40 de milioane de lei.\u201d<\/p>\n<h2 data-section-id=\"19vebyx\" data-start=\"1700\" data-end=\"1757\" id=\"chapter-1\">Situa\u021bia companiilor \u0219i protejarea locurilor de munc\u0103<\/h2>\n<p data-start=\"1759\" data-end=\"1852\" id=\"p-6\">Fostul ministru al Muncii a vorbit, de asemenea, despre interven\u021biile sale pentru a sprijini angaja\u021bii din companii afectate.<\/p>\n<p data-start=\"1854\" data-end=\"2307\" id=\"p-7\">\u201ePlata salariilor restante pentru mii de angaja\u021bi de la Damen, Mangalia, Liberty, Gala\u021bi \u0219i Romairo. \u0218i aici a\u0219 ad\u0103uga \u0219i faptul c\u0103 am promis oamenilor de acolo, celor care muncesc acolo, c\u0103 voi fi vocea lor la Bucure\u0219ti \u0219i transmit pe aceast\u0103 cale mini\u0219trilor economiei \u0219i ap\u0103r\u0103rii faptul c\u0103 trebuie s\u0103 fac\u0103 totul pentru a salva aceste companii, pentru a salva aceste locuri de munc\u0103 \u0219i pentru a sus\u021bine profesioni\u0219tii care lucreaz\u0103 acolo, \u00een Rom\u00e2nia.\u201d, a declarat Manole.<\/p>\n<p data-start=\"2309\" data-end=\"2382\" id=\"p-8\">De asemenea, a explicat \u0219i m\u0103surile pentru persoanele afectate de falimente.<\/p>\n<p data-start=\"2384\" data-end=\"2665\" id=\"p-9\">\u201eAjutoare de urgen\u021b\u0103 pentru peste 1050 de persoane afectate de intrarea \u00een faliment a \u0219antierului Naval Mangalia. Acesta este un proiect pus deja \u00een transparen\u021b\u0103 \u0219i un proiect care ar trebui, ca \u00een urm\u0103toarele s\u0103pt\u0103m\u00e2ni, s\u0103 fie \u00een vigoare pentru a pre\u00eent\u00e2mpina problemele sociale.\u201d, a declarat acesta.<\/p>\n<h2 data-section-id=\"v8sna8\" data-start=\"2667\" data-end=\"2704\" id=\"chapter-2\">Combaterea fraudelor \u0219i controale<\/h2>\n<p data-start=\"2706\" data-end=\"2763\" id=\"p-10\">Florin Manole a punctat, \u00een cadrul bilan\u021bului de final de mandat, \u0219i lupta sa \u00eempotriva abuzurilor \u0219i fraudelor din domeniul muncii.<\/p>\n<p data-start=\"2765\" data-end=\"3316\" id=\"p-11\">\u201eToleran\u021b\u0103 zero pentru munca la negru, abuzuri \u0219i fraud\u0103. Agen\u021bia Na\u021bional\u0103 pentru protec\u021bia persoanelor cu dizabilit\u0103\u021bi a realizat \u00een aceast\u0103 perioad\u0103 peste 72.000 de reevalu\u0103ri care au dus la identificarea unui num\u0103r de 8.750 de certificate care nu trebuiau s\u0103 fie acordate \u0219i pentru care s-a decis ne\u00eencadrarea \u00een grad de handicap. Dar pentru c\u0103 obiectivul nostru n-a fost doar lupta cu frauda, ci \u0219i justi\u021bia social\u0103, peste 11.000 de persoane care trebuiau s\u0103 aib\u0103 conform realit\u0103\u021bilor medicale un grad de \u00eencadrare superior au primit acest grad.\u201d, a explicat acesta.<\/p>\n<p data-start=\"2765\" data-end=\"3316\" id=\"p-12\">\u201eAgen\u021bia Na\u021bional\u0103 pentru Pl\u0103\u021bi \u0219i Inspec\u021bie Social\u0103 a realizat peste 7.000 de misiuni de control care s-au soldat cu peste 460 de sanc\u021biuni. La inspec\u021bia muncii s-au realizat 74.101 controale, iar valoarea total\u0103 a sanc\u021biunilor a fost de peste 172 de milioane de lei.\u201d<\/p>\n<h2 data-section-id=\"qfasa6\" data-start=\"3589\" data-end=\"3629\" id=\"chapter-3\">Fonduri europene \u0219i servicii sociale<\/h2>\n<p data-start=\"2563\" data-end=\"2744\" id=\"p-13\">\u00cen ceea ce prive\u0219te fondurile europene, fostul ministru a declarat c\u0103 majoritatea jaloanelor au fost \u00eendeplinite, iar proiectele aflate \u00een derulare vizeaz\u0103 sute de mii de beneficiari.<\/p>\n<p data-start=\"3694\" data-end=\"4010\" id=\"p-14\">\u201e\u00cen leg\u0103tur\u0103 cu resursele europene, vorbim despre 27 de \u021binte \u0219i jaloane, 21 sunt \u00eendeplinite deja, 7 sunt \u00een curs de \u00eendeplinire \u0219i cele mai cunoscute exemple sunt legea salariz\u0103rii \u0219i digitalizarea \u00een domeniul muncii \u0219i protec\u021biei sociale, dar \u0219i 8 proiecte din fonduri europene care sunt \u00een curs de implementare.\u201d<\/p>\n<p data-start=\"4012\" data-end=\"4241\" id=\"p-15\">\u201eUn proiect de peste 4 miliarde de lei cu finan\u021bare de la Uniunea European\u0103 prin care peste 400.000 de cet\u0103\u021beni v\u00e2rstnici, copii cu risc de abandon \u0219colar, mame singure, au acces la servicii sociale a\u0219a cum p\u00e2n\u0103 acum nu au avut.\u201d<\/p>\n<h2 data-section-id=\"16xu3ue\" data-start=\"3005\" data-end=\"3032\" id=\"chapter-4\">Noua lege a salariz\u0103rii<\/h2>\n<p data-start=\"3034\" data-end=\"3176\" id=\"p-16\">Un alt punct central al bilan\u021bului s\u0103u a fost proiectul noii legi a salariz\u0103rii, pe care Manole l-a numit esen\u021bial pentru corectarea inechit\u0103\u021bilor.<\/p>\n<p data-start=\"5534\" data-end=\"5663\" id=\"p-17\">\u201eAm f\u0103cut un prim draft al acestei legi, foarte avansat, pe care ministrul interimar \u00eel va g\u0103si ast\u0103zi c\u00e2nd va veni \u00een Minister.\u201d, a spus el.<\/p>\n<p data-start=\"5702\" data-end=\"5934\" id=\"p-18\">\u201e\u00cen primul r\u00e2nd am f\u0103cut o nou\u0103 lege \u00een care nimeni s\u0103 nu piard\u0103 din venituri. \u00cen al doilea r\u00e2nd aveam un sistem complet dezorganizat de peste 100 de modific\u0103ri. Am eliminat aceste disparit\u0103\u021bi \u0219i am rearanjat grilele de salarizare.\u201d<\/p>\n<p data-start=\"5936\" data-end=\"6086\" id=\"p-19\">\u201eAm eliminat \u00een varianta pe care o l\u0103s\u0103m \u00een Minister cea mai mare parte a sporurilor \u0219i am modificat anvelopa total\u0103 pentru sporuri de la 30% la 20%.\u201d<\/p>\n","protected":false},"excerpt":{"rendered":"<p>Fostul ministru al Muncii, Florin Manole, a prezentat luni bilan\u021bul mandatului s\u0103u, dup\u0103 ce s\u0103pt\u0103m\u00e2na trecut\u0103 a fost anun\u021bat\u0103 retragerea PSD de la guvernare. Acesta a explicat care au fost &hellip; <a href=\"https:\/\/microscopemedia.com\/?p=689522\" class=\"more-link\">Read More<\/a><\/p>\n","protected":false},"author":1,"featured_media":689523,"comment_status":"closed","ping_status":"closed","sticky":false,"template":"Default","format":"standard","meta":[],"categories":[1],"tags":[],"_links":{"self":[{"href":"https:\/\/microscopemedia.com\/index.php?rest_route=\/wp\/v2\/posts\/689522"}],"collection":[{"href":"https:\/\/microscopemedia.com\/index.php?rest_route=\/wp\/v2\/posts"}],"about":[{"href":"https:\/\/microscopemedia.com\/index.php?rest_route=\/wp\/v2\/types\/post"}],"author":[{"embeddable":true,"href":"https:\/\/microscopemedia.com\/index.php?rest_route=\/wp\/v2\/users\/1"}],"replies":[{"embeddable":true,"href":"https:\/\/microscopemedia.com\/index.php?rest_route=%2Fwp%2Fv2%2Fcomments&post=689522"}],"version-history":[{"count":0,"href":"https:\/\/microscopemedia.com\/index.php?rest_route=\/wp\/v2\/posts\/689522\/revisions"}],"wp:featuredmedia":[{"embeddable":true,"href":"https:\/\/microscopemedia.com\/index.php?rest_route=\/wp\/v2\/media\/689523"}],"wp:attachment":[{"href":"https:\/\/microscopemedia.com\/index.php?rest_route=%2Fwp%2Fv2%2Fmedia&parent=689522"}],"wp:term":[{"taxonomy":"category","embeddable":true,"href":"https:\/\/microscopemedia.com\/index.php?rest_route=%2Fwp%2Fv2%2Fcategories&post=689522"},{"taxonomy":"post_tag","embeddable":true,"href":"https:\/\/microscopemedia.com\/index.php?rest_route=%2Fwp%2Fv2%2Ftags&post=689522"}],"curies":[{"name":"wp","href":"https:\/\/api.w.org\/{rel}","templated":true}]}}