{"id":689526,"date":"2026-04-27T10:26:03","date_gmt":"2026-04-27T10:26:03","guid":{"rendered":"https:\/\/microscopemedia.com\/?p=689526"},"modified":"2026-04-27T10:26:03","modified_gmt":"2026-04-27T10:26:03","slug":"este-oficial-decretele-de-numire-ale-ministrilor-interimari-au-fost-publicate-in-monitor-alaturi-de-cele-prin-care-s-a-luat-act-de-demisiile-celor-sapte-fosti-membri-sustinuti-de-psd","status":"publish","type":"post","link":"https:\/\/microscopemedia.com\/?p=689526","title":{"rendered":"Este oficial. Decretele de numire ale mini\u0219trilor interimari au fost publicate \u00een Monitor, al\u0103turi de cele prin care s-a luat act de demisiile celor \u0219apte fo\u0219ti membri sus\u021binu\u021bi de PSD"},"content":{"rendered":"<p id=\"p-0\">Mandatele semnate de pre\u0219edintele Nicu\u0219or Dan, prin care a constatat vacantarea func\u021biilor de ministru \u0219i vicepremier ale membrilor Executivului sus\u021binu\u021bi de Partidul Social Democrat \u0219i s-au numit \u00een func\u021bii interimare \u0219apte actuali mini\u0219tri \u0219i premierul, au fost publicate luni \u00een <a href=\"https:\/\/monitoruloficial.ro\/Monitorul-Oficial--PI--330--2026.html\" target=\"_blank\" rel=\"noopener\">Monitorul Oficial nr. 330<\/a>.<\/p>\n<p id=\"p-1\">Pentru fiecare dintre cei \u0219apte demisionari, \u0219eful statului a semnat c\u00e2te un decret pentru constatarea vacan\u021bei unei func\u021bii de membru al Guvernului \u0219i unul pentru desemnarea unui membru al Guvernului ca ministru interimar.<\/p>\n<ul>\n<li>Lista decretelor publicate este deschis\u0103 de Bogdan Ivan, al c\u0103rui mandat la Ministerul Energiei este preluat interimar de premierul Ilie Bolojan.<\/li>\n<li>Mandatul interimar de la Ministerul Muncii este preluat de <a href=\"https:\/\/www.mediafax.ro\/politic\/pislaru-despre-viitoarea-lege-a-salarizarii-forma-finala-va-reflecta-conditiile-spatiului-bugetar-fiscal-existent-23726493\">Drago\u0219 P\u00eeslaru<\/a>, ministrul Proiectelor europene, dup\u0103 demisia lui Florin Manole.<\/li>\n<li>La Ministerul S\u0103n\u0103t\u0103\u021bii vine interimar Cseke Attila, ministrul Dezvolt\u0103rii, dup\u0103 demisia lui <a href=\"https:\/\/www.mediafax.ro\/politic\/rogobete-voi-veni-la-birou-si-luni-si-marti-si-miercuri-pana-cand-va-aparea-in-monitorul-oficial-decretul-de-eliberare-din-functie-23725829\">Alexandru Rogobete.<\/a><\/li>\n<li>Radu Miru\u021b\u0103, ministrul Ap\u0103r\u0103rii, preia interimar \u0219i conducerea Ministerului Transporturilor, dup\u0103 demisia lui Ciprian \u0218erban.<\/li>\n<li>La Ministerul Agriculturii \u0219i Dezvolt\u0103rii Rurale, revine interimar vicepremierul T\u00e1nczos Barna.<\/li>\n<li>Pozi\u021bia de vicepremier a lui Marian Neac\u0219u este preluat\u0103 interimar de vicepremierul Oana Gheorghiu.<\/li>\n<li>La Ministerul Justi\u021biei, C\u0103t\u0103lin Predoiu, ministrul Afacerilor Interne, revine interimar dup\u0103 demisia lui Radu Marinescu.<\/li>\n<\/ul>\n<p id=\"p-2\"><a href=\"https:\/\/www.mediafax.ro\/\/wp-content\/uploads\/2026\/04\/decrete-demisii.jpg\"><img class=\"aligncenter wp-image-23727164 size-full\" src=\"https:\/\/microscopemedia.com\/wp-content\/uploads\/2026\/04\/este-oficial-decretele-de-numire-ale-ministrilor-interimari-au-fost-publicate-in-monitor-alaturi-de-cele-prin-care-s-a-luat-act-de-demisiile-celor-sapte-fosti-membri-sustinuti-de-psd.webp\" alt width=\"700\" height=\"731\" loading=\"lazy\" decoding=\"async\" srcset=\"https:\/\/microscopemedia.com\/wp-content\/uploads\/2026\/04\/este-oficial-decretele-de-numire-ale-ministrilor-interimari-au-fost-publicate-in-monitor-alaturi-de-cele-prin-care-s-a-luat-act-de-demisiile-celor-sapte-fosti-membri-sustinuti-de-psd-1.webp 500w, https:\/\/microscopemedia.com\/wp-content\/uploads\/2026\/04\/este-oficial-decretele-de-numire-ale-ministrilor-interimari-au-fost-publicate-in-monitor-alaturi-de-cele-prin-care-s-a-luat-act-de-demisiile-celor-sapte-fosti-membri-sustinuti-de-psd.webp 728w\"><\/a><\/p>\n","protected":false},"excerpt":{"rendered":"<p>Mandatele semnate de pre\u0219edintele Nicu\u0219or Dan, prin care a constatat vacantarea func\u021biilor de ministru \u0219i vicepremier ale membrilor Executivului sus\u021binu\u021bi de Partidul Social Democrat \u0219i s-au numit \u00een func\u021bii interimare &hellip; <a href=\"https:\/\/microscopemedia.com\/?p=689526\" class=\"more-link\">Read More<\/a><\/p>\n","protected":false},"author":1,"featured_media":689527,"comment_status":"closed","ping_status":"closed","sticky":false,"template":"Default","format":"standard","meta":[],"categories":[1],"tags":[],"_links":{"self":[{"href":"https:\/\/microscopemedia.com\/index.php?rest_route=\/wp\/v2\/posts\/689526"}],"collection":[{"href":"https:\/\/microscopemedia.com\/index.php?rest_route=\/wp\/v2\/posts"}],"about":[{"href":"https:\/\/microscopemedia.com\/index.php?rest_route=\/wp\/v2\/types\/post"}],"author":[{"embeddable":true,"href":"https:\/\/microscopemedia.com\/index.php?rest_route=\/wp\/v2\/users\/1"}],"replies":[{"embeddable":true,"href":"https:\/\/microscopemedia.com\/index.php?rest_route=%2Fwp%2Fv2%2Fcomments&post=689526"}],"version-history":[{"count":0,"href":"https:\/\/microscopemedia.com\/index.php?rest_route=\/wp\/v2\/posts\/689526\/revisions"}],"wp:featuredmedia":[{"embeddable":true,"href":"https:\/\/microscopemedia.com\/index.php?rest_route=\/wp\/v2\/media\/689527"}],"wp:attachment":[{"href":"https:\/\/microscopemedia.com\/index.php?rest_route=%2Fwp%2Fv2%2Fmedia&parent=689526"}],"wp:term":[{"taxonomy":"category","embeddable":true,"href":"https:\/\/microscopemedia.com\/index.php?rest_route=%2Fwp%2Fv2%2Fcategories&post=689526"},{"taxonomy":"post_tag","embeddable":true,"href":"https:\/\/microscopemedia.com\/index.php?rest_route=%2Fwp%2Fv2%2Ftags&post=689526"}],"curies":[{"name":"wp","href":"https:\/\/api.w.org\/{rel}","templated":true}]}}