{"id":689530,"date":"2026-04-27T10:47:04","date_gmt":"2026-04-27T10:47:04","guid":{"rendered":"https:\/\/microscopemedia.com\/?p=689530"},"modified":"2026-04-27T10:47:04","modified_gmt":"2026-04-27T10:47:04","slug":"radu-marinescu-despre-reducerea-cheltuielilor-la-ministerul-justitiei-am-eliminat-diurnele-nejustificate-pentru-magistrati","status":"publish","type":"post","link":"https:\/\/microscopemedia.com\/?p=689530","title":{"rendered":"Radu Marinescu, despre reducerea cheltuielilor la Ministerul Justi\u021biei: \u201eAm eliminat diurnele nejustificate pentru magistra\u021bi\u201d"},"content":{"rendered":"<div><img decoding=\"async\" src=\"https:\/\/microscopemedia.com\/wp-content\/uploads\/2026\/04\/radu-marinescu-despre-reducerea-cheltuielilor-la-ministerul-justitiei-am-eliminat-diurnele-nejustificate-pentru-magistrati.jpg\" class=\"ff-og-image-inserted\"><\/div>\n<p id=\"p-0\">Radu Marinescu a declarat c\u0103 \u00een perioada \u00een care el a condus Ministerul Justi\u021biei au fost luate m\u0103suri atente de reducere a cheltuielilor a\u0219a cum a cerut guvernul, f\u0103r\u0103 a apela la concedieri.<\/p>\n<p id=\"p-1\"><span class=\"cursor-pointer group\" title=\"Reda\u021bi \u00eencep\u00e2nd de la 3:18\"><span class=\"group-hover:bg-base-200 rounded p-0.5 -m-0.5 bg-primary\/25 transition-all duration-200\" data-start=\"198260\" data-end=\"201980\" data-active>\u201eAm eliminat diurnele nejustificate pentru magistra\u021bi,<\/span><\/span>&nbsp;<span class=\"cursor-pointer group\" title=\"Reda\u021bi \u00eencep\u00e2nd de la 3:22\"><span class=\"group-hover:bg-base-200 rounded p-0.5 -m-0.5\" data-start=\"202220\" data-end=\"207680\">am reu\u0219it s\u0103 ne \u00eencadr\u0103m inclusiv \u00een a\u0219tept\u0103rile Guvernului privind o reducere a cheltuielior,<\/span><\/span>&nbsp;<span class=\"cursor-pointer group\" title=\"Reda\u021bi \u00eencep\u00e2nd de la 3:28\"><span class=\"group-hover:bg-base-200 rounded p-0.5 -m-0.5\" data-start=\"208180\" data-end=\"216320\">f\u0103r\u0103 s\u0103 fim nevoi\u021bi s\u0103 concediem persoane, s\u0103 renun\u021b\u0103m la personalul din Ministerul de Justi\u021bie,<\/span><\/span>&nbsp;<span class=\"cursor-pointer group\" title=\"Reda\u021bi \u00eencep\u00e2nd de la 3:36\"><span class=\"group-hover:bg-base-200 rounded p-0.5 -m-0.5\" data-start=\"216400\" data-end=\"219820\">pentru c\u0103 trebuie s\u0103 v\u0103 spun acum la final, un adev\u0103r.<\/span><\/span>&nbsp;<span class=\"cursor-pointer group\" title=\"Reda\u021bi \u00eencep\u00e2nd de la 3:40\"><span class=\"group-hover:bg-base-200 rounded p-0.5 -m-0.5\" data-start=\"219820\" data-end=\"223680\">Ministerul de Justi\u021bie func\u021bioneaz\u0103 cu un deficit de personal\u201d, a declarat fostul ministru.<\/span><\/span><\/p>\n<p>Radu Marinescu a vorbit despre eficien\u021b\u0103 \u0219i digitalizare \u00eentr-un sector unde ministerul pe care l-a condus are deficit de personal.<\/p>\n<p id=\"p-2\"><span class=\"cursor-pointer group\" title=\"Reda\u021bi \u00eencep\u00e2nd de la 3:44\"><span class=\"group-hover:bg-base-200 rounded p-0.5 -m-0.5\" data-start=\"224140\" data-end=\"227600\">\u201eDe exemplu, la Direc\u021bia pentru Tehnologia Informa\u021biei,<\/span><\/span>&nbsp;<span class=\"cursor-pointer group\" title=\"Reda\u021bi \u00eencep\u00e2nd de la 3:48\"><span class=\"group-hover:bg-base-200 rounded p-0.5 -m-0.5\" data-start=\"227660\" data-end=\"232130\">\u0219i vorbim de o societate care se digitalizeaz\u0103, de o societate care crede \u00een tehnologie,<\/span><\/span>&nbsp;<span class=\"cursor-pointer group\" title=\"Reda\u021bi \u00eencep\u00e2nd de la 3:53\"><span class=\"group-hover:bg-base-200 rounded p-0.5 -m-0.5\" data-start=\"232580\" data-end=\"236160\">iar \u00een Justi\u021bie este nevoie pentru eficien\u021b\u0103 de foarte mult\u0103 digitalizare,<\/span><\/span>&nbsp;<span class=\"cursor-pointer group\" title=\"Reda\u021bi \u00eencep\u00e2nd de la 3:57\"><span class=\"group-hover:bg-base-200 rounded p-0.5 -m-0.5\" data-start=\"236500\" data-end=\"241900\">dar noi nu avem ocupate m\u0103car posturile necesare pentru ca aceste persoane de specialitate<\/span><\/span>&nbsp;<span class=\"cursor-pointer group\" title=\"Reda\u021bi \u00eencep\u00e2nd de la 4:02\"><span class=\"group-hover:bg-base-200 rounded p-0.5 -m-0.5\" data-start=\"241900\" data-end=\"245840\">s\u0103 devin\u0103 eficiente \u0219i s\u0103 produc\u0103 rezultatele pe care le a\u0219tept\u0103m.<\/span><\/span><\/p>\n<p id=\"p-3\"><span class=\"cursor-pointer group\" title=\"Reda\u021bi \u00eencep\u00e2nd de la 4:06\"><span class=\"group-hover:bg-base-200 rounded p-0.5 -m-0.5 bg-primary\/25 transition-all duration-200\" data-start=\"245840\" data-end=\"252840\" data-active>Deci nu o reducere prin concediere, ci am f\u0103cut reducere de cheltuieli<\/span><\/span>&nbsp;<span class=\"cursor-pointer group\" title=\"Reda\u021bi \u00eencep\u00e2nd de la 4:13\"><span class=\"group-hover:bg-base-200 rounded p-0.5 -m-0.5\" data-start=\"252840\" data-end=\"256300\">care ne-au permis s\u0103 ne \u00eencadr\u0103m \u00een a\u0219tept\u0103ri, p\u0103str\u00e2nd personalul nostru<\/span><\/span>&nbsp;<span class=\"cursor-pointer group\" title=\"Reda\u021bi \u00eencep\u00e2nd de la 4:16\"><span class=\"group-hover:bg-base-200 rounded p-0.5 -m-0.5\" data-start=\"256300\" data-end=\"260779\">\u0219i f\u0103c\u00e2ndu-l eficient la un nivel maxim\u201d, a spus fostul ministru al Justi\u021biei.<\/span><\/span><\/p>\n<p id=\"p-4\">&nbsp;<\/p>\n","protected":false},"excerpt":{"rendered":"<p>Radu Marinescu a declarat c\u0103 \u00een perioada \u00een care el a condus Ministerul Justi\u021biei au fost luate m\u0103suri atente de reducere a cheltuielilor a\u0219a cum a cerut guvernul, f\u0103r\u0103 a &hellip; <a href=\"https:\/\/microscopemedia.com\/?p=689530\" class=\"more-link\">Read More<\/a><\/p>\n","protected":false},"author":1,"featured_media":689531,"comment_status":"closed","ping_status":"closed","sticky":false,"template":"Default","format":"standard","meta":[],"categories":[1],"tags":[],"_links":{"self":[{"href":"https:\/\/microscopemedia.com\/index.php?rest_route=\/wp\/v2\/posts\/689530"}],"collection":[{"href":"https:\/\/microscopemedia.com\/index.php?rest_route=\/wp\/v2\/posts"}],"about":[{"href":"https:\/\/microscopemedia.com\/index.php?rest_route=\/wp\/v2\/types\/post"}],"author":[{"embeddable":true,"href":"https:\/\/microscopemedia.com\/index.php?rest_route=\/wp\/v2\/users\/1"}],"replies":[{"embeddable":true,"href":"https:\/\/microscopemedia.com\/index.php?rest_route=%2Fwp%2Fv2%2Fcomments&post=689530"}],"version-history":[{"count":0,"href":"https:\/\/microscopemedia.com\/index.php?rest_route=\/wp\/v2\/posts\/689530\/revisions"}],"wp:featuredmedia":[{"embeddable":true,"href":"https:\/\/microscopemedia.com\/index.php?rest_route=\/wp\/v2\/media\/689531"}],"wp:attachment":[{"href":"https:\/\/microscopemedia.com\/index.php?rest_route=%2Fwp%2Fv2%2Fmedia&parent=689530"}],"wp:term":[{"taxonomy":"category","embeddable":true,"href":"https:\/\/microscopemedia.com\/index.php?rest_route=%2Fwp%2Fv2%2Fcategories&post=689530"},{"taxonomy":"post_tag","embeddable":true,"href":"https:\/\/microscopemedia.com\/index.php?rest_route=%2Fwp%2Fv2%2Ftags&post=689530"}],"curies":[{"name":"wp","href":"https:\/\/api.w.org\/{rel}","templated":true}]}}