{"id":689534,"date":"2026-04-27T11:16:05","date_gmt":"2026-04-27T11:16:05","guid":{"rendered":"https:\/\/microscopemedia.com\/?p=689534"},"modified":"2026-04-27T11:16:05","modified_gmt":"2026-04-27T11:16:05","slug":"refuz-masiv-in-fata-recrutarii-germania-se-confrunta-cu-o-reactie-neasteptata","status":"publish","type":"post","link":"https:\/\/microscopemedia.com\/?p=689534","title":{"rendered":"Refuz masiv \u00een fa\u021ba recrut\u0103rii: Germania se confrunt\u0103 cu o reac\u021bie nea\u0219teptat\u0103"},"content":{"rendered":"<div><img decoding=\"async\" src=\"https:\/\/microscopemedia.com\/wp-content\/uploads\/2026\/04\/refuz-masiv-in-fata-recrutarii-germania-se-confrunta-cu-o-reactie-neasteptata.jpg\" class=\"ff-og-image-inserted\"><\/div>\n<p id=\"p-0\">Potrivit BAFzA, Germania a \u00eenregistrat 2.656 de cereri de \u201eobiec\u021bie de con\u0219tiin\u021b\u0103\u201d (refuz pe motive morale, etice sau religioase \u2013 n.r.) \u00een primele trei luni din 2026. Cifra reprezint\u0103 peste dou\u0103 treimi din totalul \u00eenregistrat pe \u00eentreg anul 2025, c\u00e2nd au fost depuse 3.867 de cereri. Dac\u0103 ritmul actual se men\u021bine, 2026 ar putea deveni anul cu cele mai multe astfel de solicit\u0103ri de la suspendarea serviciului militar obligatoriu \u00een 2011, mai scrie <a href=\"https:\/\/www.euronews.com\/my-europe\/2026\/04\/27\/germany-sees-surge-in-conscientious-objectors-amid-new-conscription-law\" target=\"_blank\" rel=\"noopener\">Euronews<\/a>.<\/p>\n<h2 id=\"chapter-0\">Noua lege, factor declan\u0219ator<\/h2>\n<p id=\"p-1\">Cre\u0219terea vine dup\u0103 intrarea \u00een vigoare a noii legisla\u021bii privind serviciul militar. Aceasta oblig\u0103 tinerii n\u0103scu\u021bi dup\u0103 2008 s\u0103 se \u00eenregistreze pentru o eventual\u0103 recrutare, \u00een condi\u021biile \u00een care Bundestag poate decide activarea serviciului obligatoriu dac\u0103 voluntarii nu sunt suficien\u021bi. Ministrul Ap\u0103r\u0103rii, Boris Pistorius, a justificat m\u0103surile prin deteriorarea situa\u021biei interna\u021bionale. \u201eLumea a devenit mai imprevizibil\u0103 \u0219i, da, trebuie spus, mai periculoas\u0103\u201d, a declarat acesta. Guvernul \u00ee\u0219i propune cre\u0219terea efectivelor Bundeswehr la cel pu\u021bin 260.000 de militari activi \u0219i 460.000 \u00een total, inclusiv rezervi\u0219ti.<\/p>\n<h2 id=\"chapter-1\">\u00cengrijor\u0103ri \u00een societate<\/h2>\n<p id=\"p-2\">\u00cen Germania, discu\u021biile privind extinderea rolului rezervi\u0219tilor \u0219i posibile restric\u021bii pentru cet\u0103\u021benii ap\u021bi de lupt\u0103 \u2013 inclusiv obliga\u021bia de a cere aprobare pentru deplas\u0103ri externe \u2013 au alimentat nelini\u0219tea public\u0103. Aceste m\u0103suri sunt percepute de unii ca semne ale unei militariz\u0103ri accentuate. De\u0219i num\u0103rul celor care refuz\u0103 pe motive de con\u0219tiin\u021b\u0103 cre\u0219te, exist\u0103 \u0219i cazuri inverse. \u00cen 2025, 781 de persoane au renun\u021bat la statutul de obiector, iar alte 233 au f\u0103cut acela\u0219i lucru \u00een primele luni din 2026. Cre\u0219terea num\u0103rului de refuzuri reflect\u0103 tensiunile din <a href=\"https:\/\/www.mediafax.ro\/externe\/criza-de-forta-de-munca-in-germania-solutia-vine-din-india-23707871\" target=\"_blank\" rel=\"noopener\">societatea german\u0103<\/a> \u00een fa\u021ba noilor realit\u0103\u021bi de securitate. \u00cen timp ce autorit\u0103\u021bile invoc\u0103 necesitatea consolid\u0103rii ap\u0103r\u0103rii, reac\u021biile publice arat\u0103 o dezbatere tot mai intens\u0103 privind rolul serviciului militar \u00eentr-o Europ\u0103 marcat\u0103 de incertitudine.<\/p>\n","protected":false},"excerpt":{"rendered":"<p>Potrivit BAFzA, Germania a \u00eenregistrat 2.656 de cereri de \u201eobiec\u021bie de con\u0219tiin\u021b\u0103\u201d (refuz pe motive morale, etice sau religioase \u2013 n.r.) \u00een primele trei luni din 2026. Cifra reprezint\u0103 peste &hellip; <a href=\"https:\/\/microscopemedia.com\/?p=689534\" class=\"more-link\">Read More<\/a><\/p>\n","protected":false},"author":1,"featured_media":689535,"comment_status":"closed","ping_status":"closed","sticky":false,"template":"Default","format":"standard","meta":[],"categories":[1],"tags":[],"_links":{"self":[{"href":"https:\/\/microscopemedia.com\/index.php?rest_route=\/wp\/v2\/posts\/689534"}],"collection":[{"href":"https:\/\/microscopemedia.com\/index.php?rest_route=\/wp\/v2\/posts"}],"about":[{"href":"https:\/\/microscopemedia.com\/index.php?rest_route=\/wp\/v2\/types\/post"}],"author":[{"embeddable":true,"href":"https:\/\/microscopemedia.com\/index.php?rest_route=\/wp\/v2\/users\/1"}],"replies":[{"embeddable":true,"href":"https:\/\/microscopemedia.com\/index.php?rest_route=%2Fwp%2Fv2%2Fcomments&post=689534"}],"version-history":[{"count":0,"href":"https:\/\/microscopemedia.com\/index.php?rest_route=\/wp\/v2\/posts\/689534\/revisions"}],"wp:featuredmedia":[{"embeddable":true,"href":"https:\/\/microscopemedia.com\/index.php?rest_route=\/wp\/v2\/media\/689535"}],"wp:attachment":[{"href":"https:\/\/microscopemedia.com\/index.php?rest_route=%2Fwp%2Fv2%2Fmedia&parent=689534"}],"wp:term":[{"taxonomy":"category","embeddable":true,"href":"https:\/\/microscopemedia.com\/index.php?rest_route=%2Fwp%2Fv2%2Fcategories&post=689534"},{"taxonomy":"post_tag","embeddable":true,"href":"https:\/\/microscopemedia.com\/index.php?rest_route=%2Fwp%2Fv2%2Ftags&post=689534"}],"curies":[{"name":"wp","href":"https:\/\/api.w.org\/{rel}","templated":true}]}}