{"id":689540,"date":"2026-04-27T12:06:04","date_gmt":"2026-04-27T12:06:04","guid":{"rendered":"https:\/\/microscopemedia.com\/?p=689540"},"modified":"2026-04-27T12:06:04","modified_gmt":"2026-04-27T12:06:04","slug":"dominic-fritz-reactie-la-alianta-psd-aur-impotriva-guvernului-bolojan-cele-doua-partide-sunt-din-acelasi-aluat","status":"publish","type":"post","link":"https:\/\/microscopemedia.com\/?p=689540","title":{"rendered":"Dominic Fritz, reac\u021bie la alian\u021ba PSD-AUR \u00eempotriva Guvernului Bolojan: \u201eCele dou\u0103 partide sunt din acela\u0219i aluat\u201d"},"content":{"rendered":"<div><img decoding=\"async\" src=\"https:\/\/microscopemedia.com\/wp-content\/uploads\/2026\/04\/dominic-fritz-reactie-la-alianta-psd-aur-impotriva-guvernului-bolojan-cele-doua-partide-sunt-din-acelasi-aluat.jpg\" class=\"ff-og-image-inserted\"><\/div>\n<p data-start=\"83\" data-end=\"363\" id=\"p-0\">Pre\u0219edintele USR, <span class=\"hover:entity-accent entity-underline inline cursor-pointer align-baseline\"><span class=\"whitespace-normal\">Dominic Fritz,<\/span><\/span> a criticat, \u00eentr-o postare pe Facebook, colaborarea dintre PSD \u0219i AUR pentru depunerea unei mo\u021biuni de cenzur\u0103 \u00eempotriva Guvernului condus de <span class=\"hover:entity-accent entity-underline inline cursor-pointer align-baseline\"><span class=\"whitespace-normal\">Ilie Bolojan<\/span><\/span>, spun\u00e2nd c\u0103 alian\u021ba confirm\u0103 apropierea dintre cele dou\u0103 partide.<\/p>\n<p data-start=\"365\" data-end=\"521\" id=\"p-1\">Reac\u021bia sa vine dup\u0103 anun\u021bul partidelor PSD \u0219i AUR privind ini\u021bierea mo\u021biunii de cenzur\u0103. Dominic Fritz spune c\u0103 situa\u021bia arat\u0103, \u00een acest moment, care este direc\u021bia politic\u0103 a celor dou\u0103 forma\u021biuni.<\/p>\n<p data-start=\"523\" data-end=\"786\" id=\"p-2\">\u201ePremierul \u0219i mini\u0219trii sunt la munc\u0103. PSD \u0219i AUR au confirmat azi diminea\u021b\u0103 ceea ce mul\u021bi dintre noi \u0219tiam. Cele dou\u0103 partide sunt din acela\u0219i aluat. Iar mo\u021biunea depus\u0103 e, a\u0219a cum au spus ei, \u2018primul pas pe drumul lor comun&#8217;\u201d, a scris Dominic Fritz, pe Facebook.<\/p>\n<p data-start=\"788\" data-end=\"978\" id=\"p-3\">Liderul USR avertizeaz\u0103 c\u0103 o astfel de mo\u021biune ar putea conduce la instabilitate politic\u0103 prelungit\u0103, cu efecte economice negative, inclusiv cre\u0219teri de pre\u021buri \u0219i presiuni asupra pie\u021bei muncii.<\/p>\n<p data-start=\"980\" data-end=\"1269\" id=\"p-4\">\u201eMul\u021bumim pentru claritate, m\u0103car at\u00e2t. Se limpezesc apele. \u2018Suveranismul\u2019 este doar o alt\u0103 fa\u021b\u0103 a pesedismului (\u2026) Rom\u00e2nia nu-\u0219i permite haosul pe care \u00eel preg\u0103tesc PSD \u0219i AUR. Nu au nicio remu\u0219care pentru ceea ce le fac rom\u00e2nilor, pentru r\u0103ul pe care-l fac Rom\u00e2niei\u201d, a ad\u0103ugat acesta.<\/p>\n<p data-start=\"1271\" data-end=\"1461\" id=\"p-5\"><span class=\"hover:entity-accent entity-underline inline cursor-pointer align-baseline\"><span class=\"whitespace-normal\">Dominic Fritz<\/span><\/span> a mai spus c\u0103 USR nu va mai lua \u00een calcul o colaborare cu PSD \u00een viitor, dac\u0103 social-democra\u021bii merg mai departe cu acest demers politic al\u0103turi de AUR.<\/p>\n<p data-start=\"1463\" data-end=\"1753\" data-is-last-node data-is-only-node id=\"p-6\">\u201eDe luni de zile, drumul spre reform\u0103 a fost sabotat de PSD. Acum \u0219i-au dat arama pe fa\u021b\u0103 (\u2026) Drumul proeuropean al Rom\u00e2niei nu poate fi doar un slogan convenabil, de aruncat la gunoi atunci c\u00e2nd o alian\u021b\u0103 cu extremi\u0219tii promite mai mult acces la resursele statului\u201d, a mai punctat Fritz.<\/p>\n","protected":false},"excerpt":{"rendered":"<p>Pre\u0219edintele USR, Dominic Fritz, a criticat, \u00eentr-o postare pe Facebook, colaborarea dintre PSD \u0219i AUR pentru depunerea unei mo\u021biuni de cenzur\u0103 \u00eempotriva Guvernului condus de Ilie Bolojan, spun\u00e2nd c\u0103 alian\u021ba &hellip; <a href=\"https:\/\/microscopemedia.com\/?p=689540\" class=\"more-link\">Read More<\/a><\/p>\n","protected":false},"author":1,"featured_media":689541,"comment_status":"closed","ping_status":"closed","sticky":false,"template":"Default","format":"standard","meta":[],"categories":[1],"tags":[],"_links":{"self":[{"href":"https:\/\/microscopemedia.com\/index.php?rest_route=\/wp\/v2\/posts\/689540"}],"collection":[{"href":"https:\/\/microscopemedia.com\/index.php?rest_route=\/wp\/v2\/posts"}],"about":[{"href":"https:\/\/microscopemedia.com\/index.php?rest_route=\/wp\/v2\/types\/post"}],"author":[{"embeddable":true,"href":"https:\/\/microscopemedia.com\/index.php?rest_route=\/wp\/v2\/users\/1"}],"replies":[{"embeddable":true,"href":"https:\/\/microscopemedia.com\/index.php?rest_route=%2Fwp%2Fv2%2Fcomments&post=689540"}],"version-history":[{"count":0,"href":"https:\/\/microscopemedia.com\/index.php?rest_route=\/wp\/v2\/posts\/689540\/revisions"}],"wp:featuredmedia":[{"embeddable":true,"href":"https:\/\/microscopemedia.com\/index.php?rest_route=\/wp\/v2\/media\/689541"}],"wp:attachment":[{"href":"https:\/\/microscopemedia.com\/index.php?rest_route=%2Fwp%2Fv2%2Fmedia&parent=689540"}],"wp:term":[{"taxonomy":"category","embeddable":true,"href":"https:\/\/microscopemedia.com\/index.php?rest_route=%2Fwp%2Fv2%2Fcategories&post=689540"},{"taxonomy":"post_tag","embeddable":true,"href":"https:\/\/microscopemedia.com\/index.php?rest_route=%2Fwp%2Fv2%2Ftags&post=689540"}],"curies":[{"name":"wp","href":"https:\/\/api.w.org\/{rel}","templated":true}]}}