{"id":689545,"date":"2026-04-27T12:36:04","date_gmt":"2026-04-27T12:36:04","guid":{"rendered":"https:\/\/microscopemedia.com\/?p=689545"},"modified":"2026-04-27T12:36:04","modified_gmt":"2026-04-27T12:36:04","slug":"merz-iranienii-sunt-in-mod-clar-mai-puternici-decat-s-a-crezut-sua-au-fost-umilite-nu-au-o-strategie","status":"publish","type":"post","link":"https:\/\/microscopemedia.com\/?p=689545","title":{"rendered":"Merz: \u201eIranienii sunt, \u00een mod clar mai puternici, dec\u00e2t s-a crezut. SUA au fost umilite, nu au o strategie\u201d"},"content":{"rendered":"<div><img decoding=\"async\" src=\"https:\/\/microscopemedia.com\/wp-content\/uploads\/2026\/04\/merz-iranienii-sunt-in-mod-clar-mai-puternici-decat-s-a-crezut-sua-au-fost-umilite-nu-au-o-strategie.jpg\" class=\"ff-og-image-inserted\"><\/div>\n<p class=\"p1\" id=\"p-0\">\u201eIranienii negociaz\u0103, evident, foarte abil. Iranienii sunt \u00een mod clar mai puternici dec\u00e2t s-a crezut. \u00cen prezent, nu v\u0103d ce strategie de ie\u0219ire aleg americanii. Iranienii sunt \u00een mod clar mai puternici dec\u00e2t ne-am a\u0219teptat \u0219i americanii, evident, nu au o strategie cu adev\u0103rat conving\u0103toare \u00een negocieri. O \u00eentreag\u0103 na\u021biune este umilit\u0103 de conducerea iranian\u0103, \u00een special de a\u0219 numitele G\u0103rzii Revolu\u021bionare. Problema cu conflicte este \u00eentotdeauna c\u0103 nu trebuie doar s\u0103 intri, ci \u0219i s\u0103 \u0219i ie\u0219i. Am v\u0103zut asta foarte dureros \u00een Afganistan timp de 20 de ani. Am v\u0103zut-o \u00een Irak\u201d, a declarat ast\u0103zi, cancelarul Germaniei,<strong> <a class=\"internal-link\" href=\"https:\/\/www.dw.com\/en\/iran-war-germanys-merz-distances-himself-from-trump\/a-76384332\"><span dir=\"auto\">Friedrich Merz<\/span><\/a>.<\/strong><\/p>\n<p id=\"p-1\">\u201e\u00cen acest moment, nu v\u0103d ce ie\u0219ire strategic\u0103 vor alege americanii, mai ales c\u0103 iranienii negociaz\u0103 \u00een mod clar foarte abil \u2014 sau foarte abil nu negociaz\u0103\u201d, a spus el.<\/p>\n<p id=\"p-2\"><span dir=\"auto\">Merz a declarat c\u0103&nbsp;<\/span><a class=\"internal-link\" href=\"https:\/\/www.dw.com\/en\/ceasefire-extended-whats-next-in-the-iran-war\/a-76916900\"><span dir=\"auto\">situa\u021bia complicat\u0103 din Orientul Mijlociu<\/span><\/a><span dir=\"auto\">&nbsp;are acum un puternic efect economic negativ asupra Germaniei.&nbsp;<\/span><\/p>\n<p id=\"p-3\"><span dir=\"auto\">\u201e\u00cen acest moment este o situa\u021bie destul de \u00eenc\u00e2lcit\u0103\u201d, a spus Merz. \u201e\u0218i ne cost\u0103 o sum\u0103 mare de bani. Acest conflict, acest r\u0103zboi \u00eempotriva Iranului, are un impact direct asupra produc\u021biei noastre economice.\u201d<\/span><\/p>\n<p id=\"p-4\"><span dir=\"auto\"><span><strong><a href=\"https:\/\/www.mediafax.ro\/economic\/razboiul-din-iran-submineaza-promisiunea-lui-merz-privind-relansarea-economiei-germaniei-in-2026-23726422\">Cancelarul a declarat c\u0103 Germania<\/a> <\/strong><\/span>\u00ee\u0219i men\u021bine oferta de a desf\u0103\u0219ura dragoare de mine pentru a ajuta la redeschiderea&nbsp;<\/span><span><strong><a class=\"internal-link\" href=\"https:\/\/www.dw.com\/en\/will-the-iran-war-end-strait-of-hormuz-oil-supremacy\/a-76893004\"><span dir=\"auto\">Str\u00e2mtorii Ormuz<\/span><\/a><\/strong><\/span><span dir=\"auto\">&nbsp;, prin care trece o mare parte din aprovizionarea global\u0103 cu petrol.<\/span><\/p>\n<p id=\"p-5\"><span dir=\"auto\">Totu\u0219i, a spus Merz, o condi\u021bie prealabil\u0103 pentru aceasta era ca ostilit\u0103\u021bile s\u0103 \u00eenceteze mai \u00eent\u00e2i.<\/span><\/p>\n<p id=\"p-6\"><span dir=\"auto\">Declara\u021biile au fost f\u0103cute de cancelar la \u0219coala Carolus-Magnus-Gymnasium, care a f\u0103cut parte din Ziua Proiectelor UE, \u00een cadrul c\u0103reia \u0219colile din Germania organizeaz\u0103 evenimente axate pe Uniunea European\u0103.<\/span><\/p>\n","protected":false},"excerpt":{"rendered":"<p>\u201eIranienii negociaz\u0103, evident, foarte abil. Iranienii sunt \u00een mod clar mai puternici dec\u00e2t s-a crezut. \u00cen prezent, nu v\u0103d ce strategie de ie\u0219ire aleg americanii. Iranienii sunt \u00een mod clar &hellip; <a href=\"https:\/\/microscopemedia.com\/?p=689545\" class=\"more-link\">Read More<\/a><\/p>\n","protected":false},"author":1,"featured_media":689546,"comment_status":"closed","ping_status":"closed","sticky":false,"template":"Default","format":"standard","meta":[],"categories":[1],"tags":[],"_links":{"self":[{"href":"https:\/\/microscopemedia.com\/index.php?rest_route=\/wp\/v2\/posts\/689545"}],"collection":[{"href":"https:\/\/microscopemedia.com\/index.php?rest_route=\/wp\/v2\/posts"}],"about":[{"href":"https:\/\/microscopemedia.com\/index.php?rest_route=\/wp\/v2\/types\/post"}],"author":[{"embeddable":true,"href":"https:\/\/microscopemedia.com\/index.php?rest_route=\/wp\/v2\/users\/1"}],"replies":[{"embeddable":true,"href":"https:\/\/microscopemedia.com\/index.php?rest_route=%2Fwp%2Fv2%2Fcomments&post=689545"}],"version-history":[{"count":0,"href":"https:\/\/microscopemedia.com\/index.php?rest_route=\/wp\/v2\/posts\/689545\/revisions"}],"wp:featuredmedia":[{"embeddable":true,"href":"https:\/\/microscopemedia.com\/index.php?rest_route=\/wp\/v2\/media\/689546"}],"wp:attachment":[{"href":"https:\/\/microscopemedia.com\/index.php?rest_route=%2Fwp%2Fv2%2Fmedia&parent=689545"}],"wp:term":[{"taxonomy":"category","embeddable":true,"href":"https:\/\/microscopemedia.com\/index.php?rest_route=%2Fwp%2Fv2%2Fcategories&post=689545"},{"taxonomy":"post_tag","embeddable":true,"href":"https:\/\/microscopemedia.com\/index.php?rest_route=%2Fwp%2Fv2%2Ftags&post=689545"}],"curies":[{"name":"wp","href":"https:\/\/api.w.org\/{rel}","templated":true}]}}