{"id":689549,"date":"2026-04-27T12:56:04","date_gmt":"2026-04-27T12:56:04","guid":{"rendered":"https:\/\/microscopemedia.com\/?p=689549"},"modified":"2026-04-27T12:56:04","modified_gmt":"2026-04-27T12:56:04","slug":"ciprian-serban-fostul-ministru-al-transporturilor-spune-ca-tarom-nu-se-va-inchide","status":"publish","type":"post","link":"https:\/\/microscopemedia.com\/?p=689549","title":{"rendered":"Ciprian \u0218erban, fostul ministru al Transporturilor spune c\u0103 TAROM nu se va \u00eenchide"},"content":{"rendered":"<div><img decoding=\"async\" src=\"https:\/\/microscopemedia.com\/wp-content\/uploads\/2026\/04\/ciprian-serban-fostul-ministru-al-transporturilor-spune-ca-tarom-nu-se-va-inchide.jpg\" class=\"ff-og-image-inserted\"><\/div>\n<p id=\"p-0\"><em>\u201eDirectorul de acolo are un plan foarte bun, din punctul meu de vedere, <span class=\"cursor-pointer group\" title=\"Reda\u021bi \u00eencep\u00e2nd de la 0:34\"><span class=\"group-hover:bg-base-200 rounded p-0.5 -m-0.5\" data-start=\"34390\" data-end=\"35790\">Avem o \u00een\u021belegere \u0219i cu Comisia.<\/span><\/span>&nbsp;<span class=\"cursor-pointer group\" title=\"Reda\u021bi \u00eencep\u00e2nd de la 0:36\"><span class=\"group-hover:bg-base-200 rounded p-0.5 -m-0.5 bg-primary\/25 transition-all duration-200\" data-start=\"35910\" data-end=\"38590\" data-active>Am dat un ajutor de stat anul trecut de 65 de milioane.<\/span><\/span>&nbsp;<span class=\"cursor-pointer group\" title=\"Reda\u021bi \u00eencep\u00e2nd de la 0:39\"><span class=\"group-hover:bg-base-200 rounded p-0.5 -m-0.5\" data-start=\"38670\" data-end=\"41010\">Mai avem \u00eenc\u0103 65 de milioane \u00een buget pe care<\/span><\/span>&nbsp;<span class=\"cursor-pointer group\" title=\"Reda\u021bi \u00eencep\u00e2nd de la 0:42\"><span class=\"group-hover:bg-base-200 rounded p-0.5 -m-0.5\" data-start=\"41970\" data-end=\"44110\">ar trebui s\u0103-i acord\u0103m acest an. <\/span><\/span><span class=\"cursor-pointer group\" title=\"Reda\u021bi \u00eencep\u00e2nd de la 0:46\"><span class=\"group-hover:bg-base-200 rounded p-0.5 -m-0.5\" data-start=\"45690\" data-end=\"47030\">Mi se pare potrivit.<\/span><\/span>&nbsp;<span class=\"cursor-pointer group\" title=\"Reda\u021bi \u00eencep\u00e2nd de la 0:47\"><span class=\"group-hover:bg-base-200 rounded p-0.5 -m-0.5\" data-start=\"47290\" data-end=\"49510\">\u00cen momentul \u00een care ai ceva ce func\u021bioneaz\u0103 \u00een \u021bara ta,<\/span><\/span>&nbsp;<\/em><span class=\"cursor-pointer group\" title=\"Reda\u021bi \u00eencep\u00e2nd de la 0:50\"><span class=\"group-hover:bg-base-200 rounded p-0.5 -m-0.5\" data-start=\"49550\" data-end=\"50610\"><em>s\u0103 trebuiasc\u0103 s\u0103 vinzi\u201d<\/em>, declar\u0103 Ciprian \u0218erban.<\/span><\/span><\/p>\n<p id=\"p-1\">\u00centrebat dac\u0103 Tarom se va \u00eenchide, acesta a precizat: <em>\u201eDa\u021bi-mi voie s\u0103 cred c\u0103 nu se va \u00eent\u00e2mpla acest lucru\u201d<\/em>, conchide \u0218erban.<\/p>\n<p id=\"p-2\">La jum\u0103tatea lunii aprilie, Vicepremierul Oana Gheorghiu anun\u021ba c\u0103 TAROM genereaz\u0103 pierderi de mai bine de 10 ani \u0219i anun\u021ba c\u0103 Guvernul urma s\u0103 decid\u0103 ce va face \u00een cazul acestei companii, \u00een cazul \u00een care planul de restructurare a acestei companii nu ar fi fost prelungit de <a href=\"https:\/\/www.mediafax.ro\/stirile-zilei\/oana-gheorghiu-tarom-pierde-bani-de-10-ani-compania-a-avut-profit-in-2024-dar-nu-provenea-din-activitatea-operationala-23721069\" target=\"_blank\" rel=\"noopener\"><strong>Comisia European\u0103<\/strong><\/a> \u0219i aceasta ar fi fost nevoit\u0103 \u201es\u0103 \u00ee\u0219i reg\u00e2ndeasc\u0103 \u00eentregul flux\u201d.<\/p>\n<p id=\"p-3\">Reamintim c\u0103 declara\u021biile Oanei Gheorghiu au generat reac\u021bii agresive din partea liderilor de sindicat din interiorul companiei, liderul Sindicatului Unit TAROM, <a href=\"https:\/\/www.mediafax.ro\/social\/acuzatii-explozive-in-scandalul-tarom-daca-tarom-va-disparea-va-disparea-din-cauza-doamnei-oana-gheorghiu-care-e-obisnuita-cu-donatiile-oare-n-a-primit-si-doamna-gheorg-23723983\" target=\"_blank\" rel=\"noopener\">Narcis Pascu<\/a>, acuz\u00e2nd c\u0103 declara\u021biile vicepremierei au cauzat companiei pierderi, pentru c\u0103 au existat pasageri care \u0219i-au anulat biletele de c\u0103l\u0103torie.<\/p>\n","protected":false},"excerpt":{"rendered":"<p>\u201eDirectorul de acolo are un plan foarte bun, din punctul meu de vedere, Avem o \u00een\u021belegere \u0219i cu Comisia.&nbsp;Am dat un ajutor de stat anul trecut de 65 de milioane.&nbsp;Mai &hellip; <a href=\"https:\/\/microscopemedia.com\/?p=689549\" class=\"more-link\">Read More<\/a><\/p>\n","protected":false},"author":1,"featured_media":689550,"comment_status":"closed","ping_status":"closed","sticky":false,"template":"Default","format":"standard","meta":[],"categories":[1],"tags":[],"_links":{"self":[{"href":"https:\/\/microscopemedia.com\/index.php?rest_route=\/wp\/v2\/posts\/689549"}],"collection":[{"href":"https:\/\/microscopemedia.com\/index.php?rest_route=\/wp\/v2\/posts"}],"about":[{"href":"https:\/\/microscopemedia.com\/index.php?rest_route=\/wp\/v2\/types\/post"}],"author":[{"embeddable":true,"href":"https:\/\/microscopemedia.com\/index.php?rest_route=\/wp\/v2\/users\/1"}],"replies":[{"embeddable":true,"href":"https:\/\/microscopemedia.com\/index.php?rest_route=%2Fwp%2Fv2%2Fcomments&post=689549"}],"version-history":[{"count":0,"href":"https:\/\/microscopemedia.com\/index.php?rest_route=\/wp\/v2\/posts\/689549\/revisions"}],"wp:featuredmedia":[{"embeddable":true,"href":"https:\/\/microscopemedia.com\/index.php?rest_route=\/wp\/v2\/media\/689550"}],"wp:attachment":[{"href":"https:\/\/microscopemedia.com\/index.php?rest_route=%2Fwp%2Fv2%2Fmedia&parent=689549"}],"wp:term":[{"taxonomy":"category","embeddable":true,"href":"https:\/\/microscopemedia.com\/index.php?rest_route=%2Fwp%2Fv2%2Fcategories&post=689549"},{"taxonomy":"post_tag","embeddable":true,"href":"https:\/\/microscopemedia.com\/index.php?rest_route=%2Fwp%2Fv2%2Ftags&post=689549"}],"curies":[{"name":"wp","href":"https:\/\/api.w.org\/{rel}","templated":true}]}}