{"id":689555,"date":"2026-04-27T13:26:03","date_gmt":"2026-04-27T13:26:03","guid":{"rendered":"https:\/\/microscopemedia.com\/?p=689555"},"modified":"2026-04-27T13:26:03","modified_gmt":"2026-04-27T13:26:03","slug":"pnl-in-opozitie-daca-pica-bolojan-fenechiu-nu-excludem-alegerile-anticipate","status":"publish","type":"post","link":"https:\/\/microscopemedia.com\/?p=689555","title":{"rendered":"PNL \u00een opozi\u021bie dac\u0103 pic\u0103 Bolojan. Fenechiu: \u201eNu excludem alegerile anticipate\u201d"},"content":{"rendered":"<div><img decoding=\"async\" src=\"https:\/\/microscopemedia.com\/wp-content\/uploads\/2026\/04\/pnl-in-opozitie-daca-pica-bolojan-fenechiu-nu-excludem-alegerile-anticipate.jpg\" class=\"ff-og-image-inserted\"><\/div>\n<p class=\"font-claude-response-body break-words whitespace-normal leading-[1.7]\" id=\"p-0\">Daniel Fenechiu, liderul senatorilor PNL, a declarat c\u0103 partidul s\u0103u ar merge \u00een opozi\u021bie dac\u0103 mo\u021biunea de cenzur\u0103 ini\u021biat\u0103 de PSD \u0219i AUR va d\u0103r\u00e2ma guvernul condus de Ilie Bolojan. Alegerile anticipate nu sunt excluse.<\/p>\n<h2 class=\"font-claude-response-body break-words whitespace-normal leading-[1.7]\" id=\"chapter-0\"><strong>\u201eNu colabor\u0103m cu PSD dac\u0103 d\u0103r\u00e2m\u0103 Guvernul\u201d<\/strong><\/h2>\n<p class=\"font-claude-response-body break-words whitespace-normal leading-[1.7]\" id=\"p-1\">Fenechiu a reamintit c\u0103 Biroul Politic Na\u021bional al PNL a decis c\u0103, \u00een ipoteza \u00een care PSD d\u0103r\u00e2m\u0103 Guvernul Bolojan, nu va mai exista colaborare cu social-democra\u021bii. \u00centrebat despre variante alternative, liderul senatorilor liberali a fost direct: opozi\u021bia este singura op\u021biune, iar alegerile anticipate nu sunt excluse.<\/p>\n<p class=\"font-claude-response-body break-words whitespace-normal leading-[1.7]\" id=\"p-2\">\u201eSper s\u0103 nu \u00eei dezam\u0103gesc pe cei care tr\u0103iesc cu impresia c\u0103 ne temem foarte tare\u201d, a spus Fenechiu, ad\u0103ug\u00e2nd c\u0103 PNL se afl\u0103 pe un trend cresc\u0103tor \u0219i c\u0103 rom\u00e2nii care vor reforma au o singur\u0103 op\u021biune de vot.<\/p>\n<h2 class=\"font-claude-response-body break-words whitespace-normal leading-[1.7]\" id=\"chapter-1\"><strong>Mo\u021biunea poate e\u0219ua. Sunt nemul\u021bumi\u021bi \u0219i \u00een PSD<\/strong><\/h2>\n<p class=\"font-claude-response-body break-words whitespace-normal leading-[1.7]\" id=\"p-3\">Fenechiu nu exclude c\u0103 <a href=\"https:\/\/www.mediafax.ro\/politic\/grindeanu-lamureste-colaborarea-psd-aur-scopul-comun-e-sa-daramam-guvernul-bolojan-atat-23727237\">mo\u021biunea poate pica<\/a>. Spune c\u0103 sunt parlamentari social-democra\u021bi care nu sunt de acord cu aceast\u0103 decizie. Recunoa\u0219te \u00eens\u0103 c\u0103 votul \u00eempotriva partidului atrage repercusiuni \u0219i c\u0103 situa\u021bia este complicat de analizat.<\/p>\n<p class=\"font-claude-response-body break-words whitespace-normal leading-[1.7]\" id=\"p-4\">\u201eSunt social-democra\u021bi, sunt membri AUR, sunt peste tot oameni care nu sunt de acord cu aceast\u0103 decizie\u201d, a afirmat senatorul liberal.<\/p>\n<h2 class=\"font-claude-response-body break-words whitespace-normal leading-[1.7]\" id=\"chapter-2\"><strong>PNL: f\u0103r\u0103 surprize la vot<\/strong><\/h2>\n<p class=\"font-claude-response-body break-words whitespace-normal leading-[1.7]\" id=\"p-5\">Fenechiu a asigurat c\u0103 din partea celor 22 de senatori PNL nu vor fi surprize. Liberalii vor sus\u021bine Guvernul Bolojan \u0219i vor \u00eencerca s\u0103 conving\u0103 parlamentari din alte partide s\u0103 nu voteze mo\u021biunea. Discu\u021biile individuale \u00een Parlament sunt, potrivit acestuia, o practic\u0103 obi\u0219nuit\u0103 pentru orice proiect legislativ.<\/p>\n","protected":false},"excerpt":{"rendered":"<p>Daniel Fenechiu, liderul senatorilor PNL, a declarat c\u0103 partidul s\u0103u ar merge \u00een opozi\u021bie dac\u0103 mo\u021biunea de cenzur\u0103 ini\u021biat\u0103 de PSD \u0219i AUR va d\u0103r\u00e2ma guvernul condus de Ilie Bolojan. &hellip; <a href=\"https:\/\/microscopemedia.com\/?p=689555\" class=\"more-link\">Read More<\/a><\/p>\n","protected":false},"author":1,"featured_media":689556,"comment_status":"closed","ping_status":"closed","sticky":false,"template":"Default","format":"standard","meta":[],"categories":[1],"tags":[],"_links":{"self":[{"href":"https:\/\/microscopemedia.com\/index.php?rest_route=\/wp\/v2\/posts\/689555"}],"collection":[{"href":"https:\/\/microscopemedia.com\/index.php?rest_route=\/wp\/v2\/posts"}],"about":[{"href":"https:\/\/microscopemedia.com\/index.php?rest_route=\/wp\/v2\/types\/post"}],"author":[{"embeddable":true,"href":"https:\/\/microscopemedia.com\/index.php?rest_route=\/wp\/v2\/users\/1"}],"replies":[{"embeddable":true,"href":"https:\/\/microscopemedia.com\/index.php?rest_route=%2Fwp%2Fv2%2Fcomments&post=689555"}],"version-history":[{"count":0,"href":"https:\/\/microscopemedia.com\/index.php?rest_route=\/wp\/v2\/posts\/689555\/revisions"}],"wp:featuredmedia":[{"embeddable":true,"href":"https:\/\/microscopemedia.com\/index.php?rest_route=\/wp\/v2\/media\/689556"}],"wp:attachment":[{"href":"https:\/\/microscopemedia.com\/index.php?rest_route=%2Fwp%2Fv2%2Fmedia&parent=689555"}],"wp:term":[{"taxonomy":"category","embeddable":true,"href":"https:\/\/microscopemedia.com\/index.php?rest_route=%2Fwp%2Fv2%2Fcategories&post=689555"},{"taxonomy":"post_tag","embeddable":true,"href":"https:\/\/microscopemedia.com\/index.php?rest_route=%2Fwp%2Fv2%2Ftags&post=689555"}],"curies":[{"name":"wp","href":"https:\/\/api.w.org\/{rel}","templated":true}]}}