{"id":689563,"date":"2026-04-27T14:16:04","date_gmt":"2026-04-27T14:16:04","guid":{"rendered":"https:\/\/microscopemedia.com\/?p=689563"},"modified":"2026-04-27T14:16:04","modified_gmt":"2026-04-27T14:16:04","slug":"ivan-masurile-din-criza-carburantilor-au-redus-pretul-motorinei-cu-un-leu","status":"publish","type":"post","link":"https:\/\/microscopemedia.com\/?p=689563","title":{"rendered":"Ivan: M\u0103surile din criza carburan\u021bilor au redus pre\u021bul motorinei cu un leu"},"content":{"rendered":"<div><img decoding=\"async\" src=\"https:\/\/microscopemedia.com\/wp-content\/uploads\/2026\/04\/ivan-masurile-din-criza-carburantilor-au-redus-pretul-motorinei-cu-un-leu.jpg\" class=\"ff-og-image-inserted\"><\/div>\n<p id=\"p-0\">\u201eAm venit \u00eenc\u0103 din primele zile ale conflictului armat de acolo cu o proiec\u021bie foarte clar\u0103 referitoare la declararea st\u0103rii de criz\u0103 la nivel na\u021bional \u00een Rom\u00e2nia pentru a limita adaosul comercial, pentru a limita exporturi la diesel \u0219i la carburan\u021bi, pentru a supraimpozita profiturile excep\u021bionale \u0219i pentru a reduce pre\u021bul combustibililor prin reducerea accizelor din \u021bara noastr\u0103\u201d, a declarat Ivan.<\/p>\n<p id=\"p-1\">El a subliniat c\u0103 toate aceste m\u0103suri au fost g\u00e2ndite pentru a reduce impactul asupra popula\u021biei.<\/p>\n<p id=\"p-2\">\u201eToate aceste obiective au un singur rol \u0219i anume s\u0103 scad\u0103 presiunea asupra consumatorului final. Aceste m\u0103suri au ajuns s\u0103 scad\u0103 aproximativ cu un leu litrul de motorin\u0103. Dac\u0103 nu erau luate, este evident c\u0103 eram \u00een situa\u021bia \u00een care ast\u0103zi tot ceea ce \u00eenseamn\u0103 pia\u021ba carburan\u021bilor \u0219i \u00een special motorina standard s\u0103 fie la un pre\u021b mai mare cu un leu\u201d, a spus ministrul demisionar.<\/p>\n<p id=\"p-3\">Potrivit acestuia, \u00een ultimele 100 de zile, pre\u021bul motorinei a dep\u0103\u0219it pragul de 10 lei pe litru doar \u00een 14 zile, ceea ce indic\u0103 o stabilizare a pie\u021bei \u00een urma interven\u021biilor.<\/p>\n","protected":false},"excerpt":{"rendered":"<p>\u201eAm venit \u00eenc\u0103 din primele zile ale conflictului armat de acolo cu o proiec\u021bie foarte clar\u0103 referitoare la declararea st\u0103rii de criz\u0103 la nivel na\u021bional \u00een Rom\u00e2nia pentru a limita &hellip; <a href=\"https:\/\/microscopemedia.com\/?p=689563\" class=\"more-link\">Read More<\/a><\/p>\n","protected":false},"author":1,"featured_media":689564,"comment_status":"closed","ping_status":"closed","sticky":false,"template":"Default","format":"standard","meta":[],"categories":[1],"tags":[],"_links":{"self":[{"href":"https:\/\/microscopemedia.com\/index.php?rest_route=\/wp\/v2\/posts\/689563"}],"collection":[{"href":"https:\/\/microscopemedia.com\/index.php?rest_route=\/wp\/v2\/posts"}],"about":[{"href":"https:\/\/microscopemedia.com\/index.php?rest_route=\/wp\/v2\/types\/post"}],"author":[{"embeddable":true,"href":"https:\/\/microscopemedia.com\/index.php?rest_route=\/wp\/v2\/users\/1"}],"replies":[{"embeddable":true,"href":"https:\/\/microscopemedia.com\/index.php?rest_route=%2Fwp%2Fv2%2Fcomments&post=689563"}],"version-history":[{"count":0,"href":"https:\/\/microscopemedia.com\/index.php?rest_route=\/wp\/v2\/posts\/689563\/revisions"}],"wp:featuredmedia":[{"embeddable":true,"href":"https:\/\/microscopemedia.com\/index.php?rest_route=\/wp\/v2\/media\/689564"}],"wp:attachment":[{"href":"https:\/\/microscopemedia.com\/index.php?rest_route=%2Fwp%2Fv2%2Fmedia&parent=689563"}],"wp:term":[{"taxonomy":"category","embeddable":true,"href":"https:\/\/microscopemedia.com\/index.php?rest_route=%2Fwp%2Fv2%2Fcategories&post=689563"},{"taxonomy":"post_tag","embeddable":true,"href":"https:\/\/microscopemedia.com\/index.php?rest_route=%2Fwp%2Fv2%2Ftags&post=689563"}],"curies":[{"name":"wp","href":"https:\/\/api.w.org\/{rel}","templated":true}]}}